{"id":51866,"date":"2020-02-09T18:27:43","date_gmt":"2020-02-09T18:27:43","guid":{"rendered":"http:\/\/radiostargjilan.com\/web\/?p=51866"},"modified":"2020-02-09T18:29:34","modified_gmt":"2020-02-09T18:29:34","slug":"bitonia-festojne-pervjetorin-e-15-te-te-themelimit-te-saj","status":"publish","type":"post","link":"https:\/\/radiostargjilan.com\/web\/bitonia-festojne-pervjetorin-e-15-te-te-themelimit-te-saj\/","title":{"rendered":"\u201c BITONIA \u201c festojn\u00eb p\u00ebrvjetorin e 15-t\u00eb t\u00eb themelimit t\u00eb saj"},"content":{"rendered":"<p>Grupi \u201c Bitonia \u201c, nga Gjilani n\u00eb vitin 2020, feston p\u00ebrvjetorin e 15-t\u00eb t\u00eb themelimit t\u00eb saj.<\/p>\n<p>Nj\u00eb nga grupet e muzik\u00ebs popullore, vazhdojn\u00eb t\u00eb jen\u00eb t\u00eb suksessh\u00ebm n\u00eb tregun e muzik\u00ebs shqiptare, pes\u00ebmb\u00ebdhjet\u00eb vite m\u00eb par\u00eb grupi i njohur u krijua nga Burimi dhe Elhamiu bashk\u00eb me shok\u00ebt e tyre. Sot ky grup p\u00ebrb\u00ebhet nga gjasht\u00eb antar\u00eb gjithsej, Burim Demiri (Vokalist), Armend Idrizi (Vokalist), Elhami Idrizi (Bassist), G\u00ebzim Mehmeti (Harmonik), Florion Tha\u00e7i (Klarinet), Afrim Idrizi (Bateri).<br \/>\n<img loading=\"lazy\" loading=\"lazy\" decoding=\"async\" src=\"https:\/\/radiostargjilan.com\/web\/wp-content\/uploads\/2020\/02\/35665F1E-FA72-472D-8D5D-38D299B2BF91.jpeg\" alt=\"\" width=\"1481\" height=\"1463\" class=\"aligncenter size-full wp-image-51868\" srcset=\"https:\/\/radiostargjilan.com\/web\/wp-content\/uploads\/2020\/02\/35665F1E-FA72-472D-8D5D-38D299B2BF91.jpeg 1481w, https:\/\/radiostargjilan.com\/web\/wp-content\/uploads\/2020\/02\/35665F1E-FA72-472D-8D5D-38D299B2BF91-100x100.jpeg 100w, https:\/\/radiostargjilan.com\/web\/wp-content\/uploads\/2020\/02\/35665F1E-FA72-472D-8D5D-38D299B2BF91-600x593.jpeg 600w, https:\/\/radiostargjilan.com\/web\/wp-content\/uploads\/2020\/02\/35665F1E-FA72-472D-8D5D-38D299B2BF91-300x296.jpeg 300w, https:\/\/radiostargjilan.com\/web\/wp-content\/uploads\/2020\/02\/35665F1E-FA72-472D-8D5D-38D299B2BF91-1024x1012.jpeg 1024w, https:\/\/radiostargjilan.com\/web\/wp-content\/uploads\/2020\/02\/35665F1E-FA72-472D-8D5D-38D299B2BF91-768x759.jpeg 768w, https:\/\/radiostargjilan.com\/web\/wp-content\/uploads\/2020\/02\/35665F1E-FA72-472D-8D5D-38D299B2BF91-75x75.jpeg 75w\" sizes=\"auto, (max-width: 1481px) 100vw, 1481px\" \/><br \/>\nKy vit sh\u00ebnon p\u00ebrvjetorin e pes\u00ebmb\u00ebdhjet\u00eb t\u00eb Bitonis\u00eb<\/p>\n<p>BITONIA edhe sot pas pes\u00ebmb\u00ebdhjet\u00eb vitesh vazhdojn\u00eb t\u00eb jen\u00eb prezent n\u00eb ahengje t\u00eb ndryshme familjare, dhe koncerte.<\/p>\n<p>Albumi i tyre i fundit mban titullin \u2018BITONIA LIVE\u2019 i cili \u00ebsht\u00eb mir\u00ebpritur nga adhuruesit e tyre t\u00eb shumt\u00eb.<\/p>\n<p>Burim Demiri thot\u00eb se n\u00eb vitin 2005 un\u00eb dhe Elhamiu bashk\u00eb me shok\u00ebt tjer\u00eb krijuam grupin  me emrin \u201c BITONIA \u201c, em\u00ebr ky q\u00eb sot na b\u00ebn\u00eb t\u00eb gjith\u00ebve krenar\u00eb.<\/p>\n<p>Demiri thot\u00eb se sa shum\u00eb do flisja p\u00ebr \u00ebndrrat q\u00eb kishim, p\u00ebr dashurin\u00eb dhe k\u00ebng\u00ebn nd\u00ebr vite \u201c BITONIA \u201c, ndon\u00ebse emri yn\u00eb \u00ebsht\u00eb thjesht\u00eb subjekt un\u00eb desha gjithmon\u00eb dhe e dua akoma m\u00eb shum\u00eb edhe sot.<\/p>\n","protected":false},"excerpt":{"rendered":"<p>Grupi \u201c Bitonia \u201c, nga Gjilani n\u00eb vitin 2020, feston p\u00ebrvjetorin e 15-t\u00eb t\u00eb themelimit t\u00eb saj. Nj\u00eb nga grupet e muzik\u00ebs popullore, vazhdojn\u00eb t\u00eb jen\u00eb t\u00eb suksessh\u00ebm n\u00eb tregun e muzik\u00ebs shqiptare, pes\u00ebmb\u00ebdhjet\u00eb vite m\u00eb par\u00eb grupi i njohur u krijua nga Burimi dhe Elhamiu bashk\u00eb me shok\u00ebt e tyre. Sot ky grup p\u00ebrb\u00ebhet [&hellip;]<\/p>\n","protected":false},"author":1,"featured_media":51867,"comment_status":"closed","ping_status":"closed","sticky":false,"template":"","format":"standard","meta":{"footnotes":""},"categories":[5],"tags":[],"class_list":{"0":"post-51866","1":"post","2":"type-post","3":"status-publish","4":"format-standard","5":"has-post-thumbnail","7":"category-lajme"},"_links":{"self":[{"href":"https:\/\/radiostargjilan.com\/web\/wp-json\/wp\/v2\/posts\/51866","targetHints":{"allow":["GET"]}}],"collection":[{"href":"https:\/\/radiostargjilan.com\/web\/wp-json\/wp\/v2\/posts"}],"about":[{"href":"https:\/\/radiostargjilan.com\/web\/wp-json\/wp\/v2\/types\/post"}],"author":[{"embeddable":true,"href":"https:\/\/radiostargjilan.com\/web\/wp-json\/wp\/v2\/users\/1"}],"replies":[{"embeddable":true,"href":"https:\/\/radiostargjilan.com\/web\/wp-json\/wp\/v2\/comments?post=51866"}],"version-history":[{"count":0,"href":"https:\/\/radiostargjilan.com\/web\/wp-json\/wp\/v2\/posts\/51866\/revisions"}],"wp:featuredmedia":[{"embeddable":true,"href":"https:\/\/radiostargjilan.com\/web\/wp-json\/wp\/v2\/media\/51867"}],"wp:attachment":[{"href":"https:\/\/radiostargjilan.com\/web\/wp-json\/wp\/v2\/media?parent=51866"}],"wp:term":[{"taxonomy":"category","embeddable":true,"href":"https:\/\/radiostargjilan.com\/web\/wp-json\/wp\/v2\/categories?post=51866"},{"taxonomy":"post_tag","embeddable":true,"href":"https:\/\/radiostargjilan.com\/web\/wp-json\/wp\/v2\/tags?post=51866"}],"curies":[{"name":"wp","href":"https:\/\/api.w.org\/{rel}","templated":true}]}}