{"id":52215,"date":"2020-02-19T14:51:52","date_gmt":"2020-02-19T14:51:52","guid":{"rendered":"http:\/\/radiostargjilan.com\/web\/?p=52215"},"modified":"2020-02-19T14:51:52","modified_gmt":"2020-02-19T14:51:52","slug":"kurteshi-emini-kuvendi-e-ka-kryer-punen-e-vet-sa-i-perket-ceshtjes-se-pronave-ne-ish-kampin-montith","status":"publish","type":"post","link":"https:\/\/radiostargjilan.com\/web\/kurteshi-emini-kuvendi-e-ka-kryer-punen-e-vet-sa-i-perket-ceshtjes-se-pronave-ne-ish-kampin-montith\/","title":{"rendered":"Kurteshi-Emini: Kuvendi e ka kryer pun\u00ebn e vet sa i p\u00ebrket \u00e7\u00ebshtjes s\u00eb pronave n\u00eb ish-kampin Montith"},"content":{"rendered":"<p>Komiteti p\u00ebr Politik\u00eb dhe Financa (KPF) ka mbajtur sot mbledhjen e radh\u00ebs, n\u00ebn kryesimin e Shpresa Kurteshit-Eminit, ku ka shqyrtuar dhe rekomanduar p\u00ebr Kuvend Komunal propozim-rregulloren p\u00ebr transparenc\u00eb, sipas sugjerimit t\u00eb MAPL, planin komunal p\u00ebr ri-integrimin e q\u00ebndruesh\u00ebm t\u00eb personave t\u00eb riatdhesuar 2019-2020, propozimin p\u00ebr k\u00ebmbimin e pron\u00ebs private me pron\u00ebn komunale, sipas planit rregullues urban \u201cQarku 1\u201d si dhe dy informata, nj\u00ebra p\u00ebr manifestimin \u201cFlaka e Janarit\u201d 2020 dhe tjetra p\u00ebr suksesin e nx\u00ebn\u00ebsve n\u00eb gjysm\u00eb-vjetorin e par\u00eb 2019\/2020.<br \/>\nSa i p\u00ebrket rregullores p\u00ebr transparenc\u00eb si dhe planit komunal p\u00ebr ri-integrim t\u00eb q\u00ebndruesh\u00ebm t\u00eb personave t\u00eb riatdhesuar p\u00ebr periudh\u00ebn 2019-2022, sqarimet e nevojshme i ka dh\u00ebn\u00eb Sadri Arifi, shef i Sh\u00ebrbimit t\u00eb Kuvendit.   <\/p>\n<p>Nd\u00ebrkaq, te \u00e7\u00ebshtja e nd\u00ebrrimit t\u00eb pronave, Sali Fazliu, drejtor p\u00ebr Kadast\u00ebr, sqaroi se kjo b\u00ebhet me q\u00ebllim t\u00eb realizimit t\u00eb planit rregullues \u201cQarku 1\u201d, ku p\u00ebrfshihet edhe kompleksi memorial \u201cKodra e D\u00ebshmor\u00ebve\u201d, p\u00ebr nevoja t\u00eb hapjes s\u00eb rrug\u00ebve p\u00ebr automjete dhe k\u00ebmb\u00ebsor\u00eb, gjelb\u00ebrimit dhe vend-parkingjeve.<br \/>\nNevzad Isufi (VV) pati v\u00ebrejtje te klasifikimi i pronave, prandaj, tha ai, ne nuk i japin p\u00ebrkrahje k\u00ebtij propozimi p\u00ebr k\u00ebmbim.<br \/>\nP\u00ebrndryshe, nj\u00eb debat i gjer\u00eb u zhvillua rreth \u00e7\u00ebshtjes s\u00eb disa pronave te ish-kampi Montith, t\u00eb cilat jan\u00eb shpall interes publik, ku opozita k\u00ebrkoi q\u00eb t\u00eb rihapet debati sa i p\u00ebrket shpron\u00ebsimit, nd\u00ebrsa pozita e konsideroi t\u00eb mbyllur debatin n\u00eb Kuvend rreth k\u00ebsaj teme, sepse \u00ebsht\u00eb diskuar dhe vendosur nj\u00ebher\u00eb p\u00ebr k\u00ebt\u00eb problem.<\/p>\n<p>Shpresa Kurteshi Emini, kryesuese e Kuvendit, tha se nuk \u00ebsht\u00eb n\u00eb pyetje mungesa e gatishm\u00ebris\u00eb p\u00ebr t\u00eb diskutuar, por pse duhet t\u00eb p\u00ebrs\u00ebritet debati p\u00ebr nj\u00eb \u00e7\u00ebshtje ku Kuvendi e ka kryer pun\u00ebn e tij dhe tani i p\u00ebrket ekzekutivit q\u00eb t`i zhvilloj\u00eb procedurat tjera dhe n\u00eb k\u00ebt\u00eb drejtim \u00ebsht\u00eb duke u punuar.<br \/>\nKomiteti, pas sqarimeve shtes\u00eb q\u00eb i b\u00ebri Sali Fazliu, drejtor p\u00ebr Gjeodezi dhe Kadast\u00ebr, i dha p\u00ebrkrahje propozimit t\u00eb Mimoza Kadriut (Nisma) q\u00eb shefat e grupeve, p\u00ebrkat\u00ebsisht KPF, s\u00eb bashku me p\u00ebrfaq\u00ebsuesit e pronar\u00ebve, t\u00eb organizojn\u00eb nj\u00eb takim me kryetarin e Komun\u00ebs, p\u00ebr t\u00eb par\u00eb se deri ku kan\u00eb shkuar procedurat sa i p\u00ebrket shpron\u00ebsimit.<\/p>\n<p>Takimin e sot\u00ebm KPF e ka filluar me shprehjen e keqardhjes, dhembjes dhe ngush\u00ebllimeve p\u00ebr rastin e djesh\u00ebm tragjik q\u00eb ndodhi n\u00eb familjen Bllaca n\u00eb Gjilan, ku mbet\u00ebm pes\u00eb t\u00eb vdekur, me lutjen q\u00eb raste t\u00eb tilla t\u00eb mos ndodhin kurr\u00eb m\u00eb n\u00eb shoq\u00ebrin\u00eb ton\u00eb.<\/p>\n","protected":false},"excerpt":{"rendered":"<p>Komiteti p\u00ebr Politik\u00eb dhe Financa (KPF) ka mbajtur sot mbledhjen e radh\u00ebs, n\u00ebn kryesimin e Shpresa Kurteshit-Eminit, ku ka shqyrtuar dhe rekomanduar p\u00ebr Kuvend Komunal propozim-rregulloren p\u00ebr transparenc\u00eb, sipas sugjerimit t\u00eb MAPL, planin komunal p\u00ebr ri-integrimin e q\u00ebndruesh\u00ebm t\u00eb personave t\u00eb riatdhesuar 2019-2020, propozimin p\u00ebr k\u00ebmbimin e pron\u00ebs private me pron\u00ebn komunale, sipas planit rregullues [&hellip;]<\/p>\n","protected":false},"author":1,"featured_media":52216,"comment_status":"closed","ping_status":"closed","sticky":false,"template":"","format":"standard","meta":{"footnotes":""},"categories":[5],"tags":[],"class_list":{"0":"post-52215","1":"post","2":"type-post","3":"status-publish","4":"format-standard","5":"has-post-thumbnail","7":"category-lajme"},"_links":{"self":[{"href":"https:\/\/radiostargjilan.com\/web\/wp-json\/wp\/v2\/posts\/52215","targetHints":{"allow":["GET"]}}],"collection":[{"href":"https:\/\/radiostargjilan.com\/web\/wp-json\/wp\/v2\/posts"}],"about":[{"href":"https:\/\/radiostargjilan.com\/web\/wp-json\/wp\/v2\/types\/post"}],"author":[{"embeddable":true,"href":"https:\/\/radiostargjilan.com\/web\/wp-json\/wp\/v2\/users\/1"}],"replies":[{"embeddable":true,"href":"https:\/\/radiostargjilan.com\/web\/wp-json\/wp\/v2\/comments?post=52215"}],"version-history":[{"count":0,"href":"https:\/\/radiostargjilan.com\/web\/wp-json\/wp\/v2\/posts\/52215\/revisions"}],"wp:featuredmedia":[{"embeddable":true,"href":"https:\/\/radiostargjilan.com\/web\/wp-json\/wp\/v2\/media\/52216"}],"wp:attachment":[{"href":"https:\/\/radiostargjilan.com\/web\/wp-json\/wp\/v2\/media?parent=52215"}],"wp:term":[{"taxonomy":"category","embeddable":true,"href":"https:\/\/radiostargjilan.com\/web\/wp-json\/wp\/v2\/categories?post=52215"},{"taxonomy":"post_tag","embeddable":true,"href":"https:\/\/radiostargjilan.com\/web\/wp-json\/wp\/v2\/tags?post=52215"}],"curies":[{"name":"wp","href":"https:\/\/api.w.org\/{rel}","templated":true}]}}