{"id":52224,"date":"2020-02-19T15:50:12","date_gmt":"2020-02-19T15:50:12","guid":{"rendered":"http:\/\/radiostargjilan.com\/web\/?p=52224"},"modified":"2020-02-19T15:50:12","modified_gmt":"2020-02-19T15:50:12","slug":"policia-dhe-institucionet-kompetente-jane-duke-kryer-hetime-intensive-lidhur-me-rastin-ne-gjilan","status":"publish","type":"post","link":"https:\/\/radiostargjilan.com\/web\/policia-dhe-institucionet-kompetente-jane-duke-kryer-hetime-intensive-lidhur-me-rastin-ne-gjilan\/","title":{"rendered":"Policia dhe institucionet kompetente jan\u00eb duke kryer hetime intensive lidhur me rastin n\u00eb Gjilan"},"content":{"rendered":"<p>Lidhur me rastin e cil\u00ebsuar \u2018vrasje e r\u00ebnd\u00eb\u2019 dhe \u2018vet\u00ebvrasje\u2019 t\u00eb ndodhur me dat\u00ebn 18.02.2020 n\u00eb rrug\u00ebn \u201cXhevat Ajvazi\u201d n\u00eb lagjen Bujanina t\u00eb Gjilanit, ku dyshohet se ishte e p\u00ebrfshir\u00eb nj\u00eb zyrtare policore, ashtu si\u00e7 \u00ebsht\u00eb b\u00ebr\u00eb e ditur n\u00eb vendin e ngjarjes kan\u00eb dal\u00eb menj\u00ebher\u00eb t\u00eb gjitha nj\u00ebsitet relevante nga Policia e Kosov\u00ebs, prokurori kompetent, ekipet mjek\u00ebsore, mjek\u00ebsia ligjore si dhe Inspektorati Policor i Kosov\u00ebs (IPK), p\u00ebr t\u00eb kryer hetime intensive lidhur me rastin.<br \/>\nEkipet e hetuesve t\u00eb Policis\u00eb s\u00eb Kosov\u00ebs (PK) nga Drejtoria e Krimeve t\u00eb R\u00ebnda t\u00eb PK-s\u00eb \u00ebsht\u00eb k\u00ebrkuar t\u00eb jen\u00eb p\u00ebrgjegj\u00ebse p\u00ebr trajtimin e rastit n\u00eb aspektin hetimor, n\u00eb bashk\u00ebpunim dhe koordinim me Prokurorin\u00eb e Shtetit dhe zyrtar\u00ebt e Inspektoratit Policor t\u00eb Kosov\u00ebs, t\u00eb cil\u00ebt n\u00eb vazhdim\u00ebsi kan\u00eb nd\u00ebrmarr\u00eb veprime hetimore lidhur me k\u00ebt\u00eb rast me pasoja tragjike, hetime k\u00ebto t\u00eb cilat jan\u00eb ende duke vazhduar.<\/p>\n<p>Zyrtarja policore V. B., e cila dyshohet se \u00ebsht\u00eb p\u00ebrfshir\u00eb n\u00eb rast, ka qen\u00eb duke punuar n\u00eb Stacionin Policor t\u00eb Gjilanit dhe q\u00eb nga 07.07.2017 (pas rekomandimit t\u00eb psikologut t\u00eb Policis\u00eb s\u00eb Kosov\u00ebs i \u00ebsht\u00eb marr\u00eb arma zyrtare dhe \u00ebsht\u00eb caktuar n\u00eb pun\u00eb t\u00eb lehta), ky vendim \u00ebsht\u00eb rikonfirmuar m\u00eb pas edhe nga klinika p\u00ebrkat\u00ebse pas kontrolleve sh\u00ebndet\u00ebsore psikologjike t\u00eb mbajtura me 16.10.2019 p\u00ebr shkaqe sh\u00ebndet\u00ebsore, e nj\u00ebjta ka qen\u00eb me detyra t\u00eb leht\u00ebsuara kryesisht me pun\u00eb administrative, ku bazuar n\u00eb rekomandimet dhe procedurat e parapara t\u00eb nj\u00ebjt\u00ebs i ishte marr\u00eb arma zyrtare.<\/p>\n<p>N\u00eb kuad\u00ebr t\u00eb Policis\u00eb zyrtarja \u00ebsht\u00eb trajtuar n\u00eb 14 seanca t\u00eb ndryshme d\u00ebgjimore dhe k\u00ebshilluese nga viti 2016 deri n\u00eb fund t\u00eb vitit 2019, gjersa n\u00eb klinik\u00ebn e kontraktuar nga Policia ajo ka mbajtur 6 seanca, ku i \u00ebsht\u00eb caktuar diagnoza p\u00ebrkat\u00ebse dhe i \u00ebsht\u00eb caktuar terapia adekuate nga komisioni mjek\u00ebsor p\u00ebrkat\u00ebs.<\/p>\n<p>Trajtimin e fundit mjek\u00ebsor psikologjik n\u00eb klinik\u00eb e ka mbajtur me dat\u00ebn 03.10.2019, n\u00eb t\u00eb cilin trajtim gjithashtu \u00ebsht\u00eb rekomanduar lirimi nga bartja e uniform\u00ebs, p\u00ebrfshir\u00eb edhe arm\u00ebn zyrtare p\u00ebr shkak t\u00eb gjendjes s\u00eb saj sh\u00ebndet\u00ebsore\/psikologjike si dhe i \u00ebsht\u00eb caktuar terapia p\u00ebrkat\u00ebse.<\/p>\n<p>Arma e saj ka qen\u00eb duke u ruajtur n\u00eb stacionin policor ku zyrtarja ka sh\u00ebrbyer. M\u00ebnyra si ajo ka ardhur deri tek arma \u00ebsht\u00eb duke u hetuar nga Inspektorati Policor i Kosov\u00ebs.<\/p>\n<p>Si pjes\u00eb e procedur\u00ebs hetimore \u00ebsht\u00eb b\u00ebr\u00eb k\u00ebqyrja e vendit t\u00eb ngjarjes me \u00e7\u2019rast jan\u00eb marr\u00eb gjurm\u00ebt dhe d\u00ebshmit\u00eb relevante p\u00ebr procedur\u00eb t\u00eb ekzaminimit t\u00eb m\u00ebtejm\u00eb, p\u00ebrfshir\u00eb edhe arm\u00ebn zyrtare e cila dyshohet se \u00ebsht\u00eb p\u00ebrdorur n\u00eb k\u00ebt\u00eb rast. Gjithashtu trupat e viktimave jan\u00eb d\u00ebrguar n\u00eb Institutin e Mjek\u00ebsis\u00eb Ligjore p\u00ebr autopsi. Jemi n\u00eb pritje t\u00eb autopsis\u00eb.<\/p>\n<p>N\u00eb vendin e ngjarjes jan\u00eb kontaktuar d\u00ebshmitar\u00eb t\u00eb mundsh\u00ebm, ku disa nga ta jan\u00eb intervistuar. M\u00eb pas jan\u00eb kontaktuar edhe persona tjer\u00eb me t\u00eb cil\u00ebt Policia ka biseduar p\u00ebr njohurit\u00eb e tyre p\u00ebr k\u00ebt\u00eb rast. Gjithsej jan\u00eb kontaktuar 20 persona. Informacionet e marra nga k\u00ebta persona jan\u00eb pjes\u00eb e procedur\u00ebs hetimore.<\/p>\n<p>N\u00eb Gjilan jan\u00eb duke vazhduar veprimet tjera hetimore, vazhdimi i ekzaminimit t\u00eb vendit t\u00eb ngjarjes, identifikimi i d\u00ebshmitar\u00ebve tjer\u00eb t\u00eb mundsh\u00ebm, identifikimi dhe t\u00ebrheqja e video d\u00ebshmive si dhe d\u00ebshmive tjera t\u00eb cilat mund t\u00eb sh\u00ebrbejn\u00eb p\u00ebr zbardhjen n\u00eb detaje t\u00eb rastit.<\/p>\n<p>Pas hetimeve preliminare n\u00ebn dyshimin p\u00ebr \u2018keqp\u00ebrdorim t\u00eb pozit\u00ebs apo autoritetit zyrtar\u2019, Inspektorati Policor i Kosov\u00ebs, me dat\u00ebn 18.02.2020 i ka rekomanduar Policis\u00eb s\u00eb Kosov\u00ebs, suspendimin e kat\u00ebr zyrtar\u00ebve policor\u00eb, komandantin e Stacionit Policor Gjilan, z\u00ebvend\u00ebskomandantin, shefin e operativ\u00ebs dhe nj\u00eb zyrtar t\u00eb stafit civil.<\/p>\n<p>Policia e Kosov\u00ebs, bazuar n\u00eb rekomandimin e IPK-s\u00eb, po ashtu me dat\u00ebn 18.02.2020 ka b\u00ebr\u00eb suspendimin e k\u00ebtyre zyrtar\u00ebve policor\u00eb n\u00eb koh\u00ebzgjatje prej (72) or\u00ebve, me q\u00ebllim t\u00eb zhvillimit t\u00eb hetimeve t\u00eb pavarura. Policia e Kosov\u00ebs s\u00eb bashku me institucionet e drejt\u00ebsis\u00eb dhe t\u00eb IPK-s\u00eb, \u00ebsht\u00eb duke kryer hetime intensive, me q\u00ebllim t\u00eb zbardhjes s\u00eb rrethanave dhe motivit q\u00eb kan\u00eb \u00e7uar deri te ky rast tragjik.<\/p>\n","protected":false},"excerpt":{"rendered":"<p>Lidhur me rastin e cil\u00ebsuar \u2018vrasje e r\u00ebnd\u00eb\u2019 dhe \u2018vet\u00ebvrasje\u2019 t\u00eb ndodhur me dat\u00ebn 18.02.2020 n\u00eb rrug\u00ebn \u201cXhevat Ajvazi\u201d n\u00eb lagjen Bujanina t\u00eb Gjilanit, ku dyshohet se ishte e p\u00ebrfshir\u00eb nj\u00eb zyrtare policore, ashtu si\u00e7 \u00ebsht\u00eb b\u00ebr\u00eb e ditur n\u00eb vendin e ngjarjes kan\u00eb dal\u00eb menj\u00ebher\u00eb t\u00eb gjitha nj\u00ebsitet relevante nga Policia e Kosov\u00ebs, prokurori [&hellip;]<\/p>\n","protected":false},"author":1,"featured_media":52225,"comment_status":"closed","ping_status":"closed","sticky":false,"template":"","format":"standard","meta":{"footnotes":""},"categories":[5],"tags":[],"class_list":{"0":"post-52224","1":"post","2":"type-post","3":"status-publish","4":"format-standard","5":"has-post-thumbnail","7":"category-lajme"},"_links":{"self":[{"href":"https:\/\/radiostargjilan.com\/web\/wp-json\/wp\/v2\/posts\/52224","targetHints":{"allow":["GET"]}}],"collection":[{"href":"https:\/\/radiostargjilan.com\/web\/wp-json\/wp\/v2\/posts"}],"about":[{"href":"https:\/\/radiostargjilan.com\/web\/wp-json\/wp\/v2\/types\/post"}],"author":[{"embeddable":true,"href":"https:\/\/radiostargjilan.com\/web\/wp-json\/wp\/v2\/users\/1"}],"replies":[{"embeddable":true,"href":"https:\/\/radiostargjilan.com\/web\/wp-json\/wp\/v2\/comments?post=52224"}],"version-history":[{"count":0,"href":"https:\/\/radiostargjilan.com\/web\/wp-json\/wp\/v2\/posts\/52224\/revisions"}],"wp:featuredmedia":[{"embeddable":true,"href":"https:\/\/radiostargjilan.com\/web\/wp-json\/wp\/v2\/media\/52225"}],"wp:attachment":[{"href":"https:\/\/radiostargjilan.com\/web\/wp-json\/wp\/v2\/media?parent=52224"}],"wp:term":[{"taxonomy":"category","embeddable":true,"href":"https:\/\/radiostargjilan.com\/web\/wp-json\/wp\/v2\/categories?post=52224"},{"taxonomy":"post_tag","embeddable":true,"href":"https:\/\/radiostargjilan.com\/web\/wp-json\/wp\/v2\/tags?post=52224"}],"curies":[{"name":"wp","href":"https:\/\/api.w.org\/{rel}","templated":true}]}}