{"id":52448,"date":"2020-02-26T14:23:24","date_gmt":"2020-02-26T14:23:24","guid":{"rendered":"http:\/\/radiostargjilan.com\/web\/?p=52448"},"modified":"2020-02-26T14:23:24","modified_gmt":"2020-02-26T14:23:24","slug":"ismajli-me-2-mars-nisin-punimet-ne-stadiumin-e-qytetit","status":"publish","type":"post","link":"https:\/\/radiostargjilan.com\/web\/ismajli-me-2-mars-nisin-punimet-ne-stadiumin-e-qytetit\/","title":{"rendered":"Ismajli: M\u00eb 2 mars nisin punimet n\u00eb Stadiumin e Qytetit"},"content":{"rendered":"<p>N\u00ebnkryetari i Komun\u00ebs s\u00eb Gjilanit, Arb\u00ebr Ismajl, i shoq\u00ebruar nga shefi i Prokurimit, Izet Kurteshi, kan\u00eb vizituar t\u00eb m\u00ebrkur\u00ebn projektin e stadiumit t\u00eb qytetit, nd\u00ebrkaq ka njoftuar se projekti do t\u00eb nis m\u00eb 2 mars, pas nd\u00ebrprerjes s\u00eb punimeve n\u00eb sezonin e dimrit.<\/p>\n<p>\u201cE kam konfirmimin se m\u00eb 2 mars do t\u00eb filloj\u00eb puna k\u00ebtu dhe kam k\u00ebrkuar nga kompania p\u00ebrkat\u00ebse q\u00eb t\u00eb punoj\u00eb me dinamik\u00eb t\u00eb shtuar, n\u00eb m\u00ebnyr\u00eb q\u00eb futbollist\u00ebve t\u2019iu mund\u00ebsojm\u00eb ambient t\u00eb jasht\u00ebzakonsh\u00ebm t\u00eb pun\u00ebs, dhe tifoz\u00ebve nj\u00eb ambient komod\u201d, ka th\u00ebn\u00eb n\u00ebnkryetari Ismajli.<\/p>\n<p>Ndryshe, Stadiumi i Qytetit t\u00eb Gjilanit \u00ebsht\u00eb i kategoris\u00eb s\u00eb kat\u00ebrt t\u00eb UEFA dhe FIFA, nd\u00ebrkaq kosto e rind\u00ebrtimit kap vler\u00ebn e 3 milion\u00eb e 125 mij\u00eb euro.<\/p>\n","protected":false},"excerpt":{"rendered":"<p>N\u00ebnkryetari i Komun\u00ebs s\u00eb Gjilanit, Arb\u00ebr Ismajl, i shoq\u00ebruar nga shefi i Prokurimit, Izet Kurteshi, kan\u00eb vizituar t\u00eb m\u00ebrkur\u00ebn projektin e stadiumit t\u00eb qytetit, nd\u00ebrkaq ka njoftuar se projekti do t\u00eb nis m\u00eb 2 mars, pas nd\u00ebrprerjes s\u00eb punimeve n\u00eb sezonin e dimrit. \u201cE kam konfirmimin se m\u00eb 2 mars do t\u00eb filloj\u00eb puna k\u00ebtu [&hellip;]<\/p>\n","protected":false},"author":1,"featured_media":52449,"comment_status":"closed","ping_status":"closed","sticky":false,"template":"","format":"standard","meta":{"footnotes":""},"categories":[5],"tags":[],"class_list":{"0":"post-52448","1":"post","2":"type-post","3":"status-publish","4":"format-standard","5":"has-post-thumbnail","7":"category-lajme"},"_links":{"self":[{"href":"https:\/\/radiostargjilan.com\/web\/wp-json\/wp\/v2\/posts\/52448","targetHints":{"allow":["GET"]}}],"collection":[{"href":"https:\/\/radiostargjilan.com\/web\/wp-json\/wp\/v2\/posts"}],"about":[{"href":"https:\/\/radiostargjilan.com\/web\/wp-json\/wp\/v2\/types\/post"}],"author":[{"embeddable":true,"href":"https:\/\/radiostargjilan.com\/web\/wp-json\/wp\/v2\/users\/1"}],"replies":[{"embeddable":true,"href":"https:\/\/radiostargjilan.com\/web\/wp-json\/wp\/v2\/comments?post=52448"}],"version-history":[{"count":0,"href":"https:\/\/radiostargjilan.com\/web\/wp-json\/wp\/v2\/posts\/52448\/revisions"}],"wp:featuredmedia":[{"embeddable":true,"href":"https:\/\/radiostargjilan.com\/web\/wp-json\/wp\/v2\/media\/52449"}],"wp:attachment":[{"href":"https:\/\/radiostargjilan.com\/web\/wp-json\/wp\/v2\/media?parent=52448"}],"wp:term":[{"taxonomy":"category","embeddable":true,"href":"https:\/\/radiostargjilan.com\/web\/wp-json\/wp\/v2\/categories?post=52448"},{"taxonomy":"post_tag","embeddable":true,"href":"https:\/\/radiostargjilan.com\/web\/wp-json\/wp\/v2\/tags?post=52448"}],"curies":[{"name":"wp","href":"https:\/\/api.w.org\/{rel}","templated":true}]}}