{"id":52616,"date":"2020-03-02T10:39:29","date_gmt":"2020-03-02T10:39:29","guid":{"rendered":"http:\/\/radiostargjilan.com\/web\/?p=52616"},"modified":"2020-03-02T10:39:29","modified_gmt":"2020-03-02T10:39:29","slug":"sot-pritet-te-mbahet-seanca-e-jashtezakonshme-per-taksen-2","status":"publish","type":"post","link":"https:\/\/radiostargjilan.com\/web\/sot-pritet-te-mbahet-seanca-e-jashtezakonshme-per-taksen-2\/","title":{"rendered":"Sot pritet t\u00eb mbahet seanca e jasht\u00ebzakonshme p\u00ebr taks\u00ebn"},"content":{"rendered":"<p>Kuvendi i Kosov\u00ebs mban sot seanc\u00eb t\u00eb jasht\u00ebzakonshme, pas paralajm\u00ebrimeve t\u00eb kryeministrit Albin Kurti p\u00ebr heqjen e taks\u00ebs 100 p\u00ebr qind ndaj mallrave serbe e boshnjake.<\/p>\n<p>Seanca do t\u00eb filloj\u00eb n\u00eb ora 11:00, me k\u00ebrkes\u00eb t\u00eb 41 deputet\u00ebve t\u00eb opozit\u00ebs.<\/p>\n<p>Kryesia e Kuvendit t\u00eb Kosov\u00ebs jav\u00ebn e kaluar konstatoi se k\u00ebrkesa e deputet\u00ebve p\u00ebr seanc\u00eb, i plot\u00ebson kushtet formale-juridike, andaj ajo do t\u00eb mbahet sipas k\u00ebrkes\u00ebs s\u00eb deputet\u00ebve n\u00ebnshkrues.<\/p>\n<p>Kryeministri Kurti ka paralajm\u00ebruar se m\u00eb 15 mars do ta heq\u00eb taks\u00ebn ndaj l\u00ebnd\u00ebs s\u00eb par\u00eb nga Bosnja e Serbia.<\/p>\n<p>\u201cN\u00ebse pala serbe d\u00ebshmon p\u00ebrkushtim t\u00eb mir\u00ebfillt\u00eb n\u00eb k\u00ebt\u00eb fushat\u00eb miq\u00ebsore, at\u00ebher\u00eb duke filluar nga data 1 prill 2020, do ta heq\u00eb t\u00ebr\u00ebsisht tarif\u00ebn p\u00ebr nj\u00eb periudh\u00eb 90 ditore. N\u00ebse Serbia nuk e p\u00ebrfill q\u00ebndrimin e Kosov\u00ebs dhe nuk fillon heqjen e barrierave, me fillim nga data 1 prill do t\u00eb nis\u00eb zbatimi i reciprocitetit, nj\u00ebher\u00eb me fush\u00ebn e tregtis\u00eb e pastaj n\u00eb fush\u00ebn ekonomis\u00eb. N\u00ebse pala serbe nuk reflekton as pas 90 dit\u00ebsh p\u00ebr heqjen e tarif\u00ebs p\u00ebr l\u00ebnd\u00ebn e par\u00eb, at\u00ebher\u00eb Qeveria nga 15 qershori do ta kthej\u00eb tarif\u00ebn deri n\u00eb zbatimin e reciprocitetit\u201d, \u00ebsht\u00eb shprehur Kurti.<\/p>\n<p>Taksa ndaj mallrave serbe u vendos n\u00eb n\u00ebntor 2018 nga ish-Qeveria Haradinaj.<\/p>\n<p>Ky i fundit ka b\u00ebr\u00eb thirrje disa her\u00eb q\u00eb taksa t\u00eb mos hiqet deri n\u00eb njohjen e Kosov\u00ebs shtet nga Serbia.<\/p>\n","protected":false},"excerpt":{"rendered":"<p>Kuvendi i Kosov\u00ebs mban sot seanc\u00eb t\u00eb jasht\u00ebzakonshme, pas paralajm\u00ebrimeve t\u00eb kryeministrit Albin Kurti p\u00ebr heqjen e taks\u00ebs 100 p\u00ebr qind ndaj mallrave serbe e boshnjake. Seanca do t\u00eb filloj\u00eb n\u00eb ora 11:00, me k\u00ebrkes\u00eb t\u00eb 41 deputet\u00ebve t\u00eb opozit\u00ebs. Kryesia e Kuvendit t\u00eb Kosov\u00ebs jav\u00ebn e kaluar konstatoi se k\u00ebrkesa e deputet\u00ebve p\u00ebr seanc\u00eb, [&hellip;]<\/p>\n","protected":false},"author":1,"featured_media":52617,"comment_status":"closed","ping_status":"closed","sticky":false,"template":"","format":"standard","meta":{"footnotes":""},"categories":[5],"tags":[],"class_list":{"0":"post-52616","1":"post","2":"type-post","3":"status-publish","4":"format-standard","5":"has-post-thumbnail","7":"category-lajme"},"_links":{"self":[{"href":"https:\/\/radiostargjilan.com\/web\/wp-json\/wp\/v2\/posts\/52616","targetHints":{"allow":["GET"]}}],"collection":[{"href":"https:\/\/radiostargjilan.com\/web\/wp-json\/wp\/v2\/posts"}],"about":[{"href":"https:\/\/radiostargjilan.com\/web\/wp-json\/wp\/v2\/types\/post"}],"author":[{"embeddable":true,"href":"https:\/\/radiostargjilan.com\/web\/wp-json\/wp\/v2\/users\/1"}],"replies":[{"embeddable":true,"href":"https:\/\/radiostargjilan.com\/web\/wp-json\/wp\/v2\/comments?post=52616"}],"version-history":[{"count":0,"href":"https:\/\/radiostargjilan.com\/web\/wp-json\/wp\/v2\/posts\/52616\/revisions"}],"wp:featuredmedia":[{"embeddable":true,"href":"https:\/\/radiostargjilan.com\/web\/wp-json\/wp\/v2\/media\/52617"}],"wp:attachment":[{"href":"https:\/\/radiostargjilan.com\/web\/wp-json\/wp\/v2\/media?parent=52616"}],"wp:term":[{"taxonomy":"category","embeddable":true,"href":"https:\/\/radiostargjilan.com\/web\/wp-json\/wp\/v2\/categories?post=52616"},{"taxonomy":"post_tag","embeddable":true,"href":"https:\/\/radiostargjilan.com\/web\/wp-json\/wp\/v2\/tags?post=52616"}],"curies":[{"name":"wp","href":"https:\/\/api.w.org\/{rel}","templated":true}]}}