{"id":52829,"date":"2020-03-07T14:41:02","date_gmt":"2020-03-07T14:41:02","guid":{"rendered":"http:\/\/radiostargjilan.com\/web\/?p=52829"},"modified":"2020-03-07T14:41:02","modified_gmt":"2020-03-07T14:41:02","slug":"ne-kosove-ka-pasur-lufte-e-jo-rezistence-e-nderuara-z-osmani","status":"publish","type":"post","link":"https:\/\/radiostargjilan.com\/web\/ne-kosove-ka-pasur-lufte-e-jo-rezistence-e-nderuara-z-osmani\/","title":{"rendered":"N\u00eb Kosov\u00eb ka pasur luft\u00eb e jo rezistenc\u00eb e nderuara z. Osmani"},"content":{"rendered":"<p>Shkruan: Izmi Zeka<\/p>\n<p>M\u00eb rastisi k\u00ebto dit\u00eb n\u00eb Manifestimin p\u00ebr Epopen\u00eb e Jasharajve t\u00eb d\u00ebgjoj shum\u00eb gj\u00ebra interesante.<br \/>\nPor di\u00e7ka e \u00e7uditshme dhe jasht\u00ebzakonisht edhe jo profesionale ishin fjal\u00ebt e krye parlamentares Osmani e cila n\u00eb \u00e7do fjalim t\u00eb saj thoshte rezistenc\u00ebn e armatosur n\u00eb Kosov\u00eb. Habit fakti se kjo zonj\u00eb duhet ta kuptoj se k\u00ebtu ka pasur luft\u00eb dhe at\u00eb t\u00eb pam\u00ebshirshme ku humb\u00ebn jet\u00ebn mbi 15 mij\u00eb veta, 20 mij\u00eb gra t\u00eb dhunuara e shkat\u00ebrrim masiv. Me nj\u00eb fjal\u00eb ka pasur luft\u00eb ndaj regjimit dhe pushtetit Serb q\u00eb donte t\u00eb shfaroste gjith\u00e7ka shqiptare. \u00c7\u00ebshtja tjet\u00ebr \u00ebsht\u00eb se n\u00eb k\u00ebt\u00eb luft\u00eb \u00ebsht\u00eb luftuar n\u00ebn logon e UCK-s\u00eb. Pra rezistenca e armatosur n\u00eb kuptimin historik p\u00ebr dijenin\u00eb e saj ka kuptim tjet\u00ebr q\u00eb nuk do ta marr mundin me ia shpjegu. Dhe aspekti tjet\u00ebr, var\u00ebsisht si e cil\u00ebson ajo pak do t\u00eb ket\u00eb r\u00ebnd\u00ebsi sepse lufta e U\u00c7K-s\u00eb bashk\u00eb me Amerikan\u00ebt ka nd\u00ebrruar faqen e historis\u00eb k\u00ebshtu q\u00eb ne sot jemi t\u00eb lir\u00eb t\u00eb shkruajm\u00eb t\u00eb zhvillohemi e t\u00eb flasim.<br \/>\nNdoshta zonja e nderuar ende mendon se historin\u00eb e ndryshojn\u00eb emrat e p\u00ebrve\u00e7\u00ebm apo edhe t\u00eb p\u00ebrgjithsh\u00ebm si n\u00eb kohen e komunizmit .<br \/>\nP\u00ebr sqarim edhe nj\u00ebher\u00eb k\u00ebtu nuk kishte rezistenc\u00eb t\u00eb armatosur por luft\u00eb edhe at\u00eb luft\u00eb t\u00eb p\u00ebrgjakshme mes dy pal\u00ebve qytetar\u00ebve t\u00eb Kosov\u00ebs t\u00eb udh\u00ebhequr nga U\u00c7K-ja dhe pushtetit Serb<br \/>\nSigurisht zonj\u00ebs i ka ra n\u00eb sy t\u00eb shoh\u00eb s\u00eb paku n\u00eb ekrane televizive shum\u00eb d\u00ebshmor\u00eb t\u00eb r\u00ebn\u00eb q\u00eb n\u00eb krahun e tyre kishin simbolin e shenj\u00ebt U\u00c7K. Pra ishte Ushtri \u00c7lirimtare. Ka mjaftuar t\u00eb shoh\u00eb k\u00ebt\u00eb simbol dhe do ta kishte kuptuar kjo zonj\u00eb e dal nga arkitektura e pavar\u00ebsis\u00eb.<\/p>\n","protected":false},"excerpt":{"rendered":"<p>Shkruan: Izmi Zeka M\u00eb rastisi k\u00ebto dit\u00eb n\u00eb Manifestimin p\u00ebr Epopen\u00eb e Jasharajve t\u00eb d\u00ebgjoj shum\u00eb gj\u00ebra interesante. Por di\u00e7ka e \u00e7uditshme dhe jasht\u00ebzakonisht edhe jo profesionale ishin fjal\u00ebt e krye parlamentares Osmani e cila n\u00eb \u00e7do fjalim t\u00eb saj thoshte rezistenc\u00ebn e armatosur n\u00eb Kosov\u00eb. Habit fakti se kjo zonj\u00eb duhet ta kuptoj se [&hellip;]<\/p>\n","protected":false},"author":1,"featured_media":52830,"comment_status":"closed","ping_status":"closed","sticky":false,"template":"","format":"standard","meta":{"footnotes":""},"categories":[5],"tags":[],"class_list":{"0":"post-52829","1":"post","2":"type-post","3":"status-publish","4":"format-standard","5":"has-post-thumbnail","7":"category-lajme"},"_links":{"self":[{"href":"https:\/\/radiostargjilan.com\/web\/wp-json\/wp\/v2\/posts\/52829","targetHints":{"allow":["GET"]}}],"collection":[{"href":"https:\/\/radiostargjilan.com\/web\/wp-json\/wp\/v2\/posts"}],"about":[{"href":"https:\/\/radiostargjilan.com\/web\/wp-json\/wp\/v2\/types\/post"}],"author":[{"embeddable":true,"href":"https:\/\/radiostargjilan.com\/web\/wp-json\/wp\/v2\/users\/1"}],"replies":[{"embeddable":true,"href":"https:\/\/radiostargjilan.com\/web\/wp-json\/wp\/v2\/comments?post=52829"}],"version-history":[{"count":0,"href":"https:\/\/radiostargjilan.com\/web\/wp-json\/wp\/v2\/posts\/52829\/revisions"}],"wp:featuredmedia":[{"embeddable":true,"href":"https:\/\/radiostargjilan.com\/web\/wp-json\/wp\/v2\/media\/52830"}],"wp:attachment":[{"href":"https:\/\/radiostargjilan.com\/web\/wp-json\/wp\/v2\/media?parent=52829"}],"wp:term":[{"taxonomy":"category","embeddable":true,"href":"https:\/\/radiostargjilan.com\/web\/wp-json\/wp\/v2\/categories?post=52829"},{"taxonomy":"post_tag","embeddable":true,"href":"https:\/\/radiostargjilan.com\/web\/wp-json\/wp\/v2\/tags?post=52829"}],"curies":[{"name":"wp","href":"https:\/\/api.w.org\/{rel}","templated":true}]}}