{"id":53723,"date":"2020-03-18T14:18:28","date_gmt":"2020-03-18T14:18:28","guid":{"rendered":"http:\/\/radiostargjilan.com\/web\/?p=53723"},"modified":"2020-03-18T14:18:28","modified_gmt":"2020-03-18T14:18:28","slug":"gjilani-u-kerkon-operatoreve-ekonomik-qe-ti-ndermarrin-masat-per-parandalimin-e-covid-19","status":"publish","type":"post","link":"https:\/\/radiostargjilan.com\/web\/gjilani-u-kerkon-operatoreve-ekonomik-qe-ti-ndermarrin-masat-per-parandalimin-e-covid-19\/","title":{"rendered":"Gjilani u k\u00ebrkon operator\u00ebve ekonomik q\u00eb t\u2019i nd\u00ebrmarrin masat p\u00ebr parandalimin e COVID-19"},"content":{"rendered":"<p>  Drejtoria p\u00ebr Zhvillim Ekonomik n\u00eb Komun\u00ebn e Gjilanit u b\u00ebn thirrje t\u00eb gjith\u00eb operator\u00ebve ekonomik dhe nd\u00ebrmarrjeve publike q\u00eb t\u00eb nd\u00ebrmarrin masat e nevojshme lidhur me situat\u00ebn e krijuar p\u00ebr parandalimin e p\u00ebrhapjes dhe mbrojtjen nga pandemia COVID-19 dhe t\u00eb zbatojn\u00eb me p\u00ebrpik\u00ebri t\u00eb gjitha Urdh\u00ebresat dhe Rekomandimet e dala nga Ministria e Ekonomis\u00eb Pun\u00ebs Tregtis\u00eb Industris\u00eb Nd\u00ebrmarr\u00ebsis\u00eb dhe Investimeve Strategjike (MEPTINIS) dhe Qeveria e Republik\u00ebs s\u00eb Kosov\u00ebs.<\/p>\n<p>Drejtoria mir\u00ebmban komunkim t\u00eb vazhduesh\u00ebm me operator\u00ebt ekonomik me q\u00ebllim t\u00eb menaxhimit t\u00eb k\u00ebsaj situate sfiduese p\u00ebr t\u00eb gjith\u00eb p\u00ebrfshir\u00eb sektorin privat dhe p\u00ebr t\u00eb k\u00ebrkuar q\u00eb t\u00eb mos ngriten \u00e7mimet e artikujve ushqimor, higjienik, barna etj q\u00eb jan\u00eb esenciale dhe ndikojn\u00eb drejtp\u00ebrdrejt n\u00eb mir\u00ebqenien sociale t\u00eb qytetar\u00ebve t\u00eb Komun\u00ebs s\u00eb Gjilanit n\u00eb k\u00ebt\u00eb situat\u00eb emergjente t\u00eb sh\u00ebndetit publik.<\/p>\n<p>Drejtoria e Inspekcionit \u00ebsht\u00eb rregullisht n\u00eb terren duke inspektuar t\u00eb gjitha veprimtarit\u00eb p\u00ebr shitjen me pakic\u00eb t\u00eb gj\u00ebrave ushqimore, furrat e buk\u00ebs, barnatoret, pompat e benzin\u00ebs, etj p\u00ebr t\u00eb mbajtur \u04abmimet n\u00ebn kontroll\u00eb.<\/p>\n<p>T\u00eb gjith\u00eb operator\u00ebt ekonomik t\u00eb kujdesen p\u00ebr sh\u00ebndetin e pun\u00ebtor\u00ebve duke ju siguruar pajisje personale mbrojt\u00ebse, t\u00eb mbajn\u00eb higjien\u00eb, t\u00eb b\u00ebjn\u00eb dezinfektimin e hap\u00ebsirave  si dhe t\u00eb respektojn\u00eb distanc\u00ebn e rekomanduar minimale s\u00eb paku nj\u00eb met\u00ebr<br \/>\nnd\u00ebrmjet personave prezent p\u00ebrfshir\u00eb distanc\u00ebn nd\u00ebrmjet stafit dhe klient\u00ebve.<\/p>\n<p>Drejtoria k\u00ebrkon nga nd\u00ebrmarrjet publike lokale dhe operator\u00eb t\u00eb tjer\u00eb q\u00eb ofrojn\u00eb sh\u00ebrbime bazike si furnizimin me uj\u00eb, grumbullimin e mbeturinave dhe sh\u00ebrbime transporti t\u00eb plot\u00ebsojn\u00eb nevojat e qytetar\u00ebve, derisa k\u00ebrkojm\u00eb nga qytetar\u00ebt t\u00eb jen\u00eb t\u00eb kujdessh\u00ebm t\u00eb mbajn\u00eb higjien\u00eb jo vet\u00ebm personale dhe n\u00eb sht\u00ebpit\u00eb e tyre, por edhe t\u00eb hap\u00ebsirave publike.<\/p>\n<p>K\u00ebto masa jan\u00eb n\u00eb favor t\u00eb sh\u00ebndetit t\u00eb t\u00eb gjith\u00eb neve dhe duke i respektuar ato ne nuk i b\u00ebhemi barr\u00eb shtetit e as mjek\u00ebve n\u00eb luftimin e k\u00ebsaj pandemie.<\/p>\n","protected":false},"excerpt":{"rendered":"<p>Drejtoria p\u00ebr Zhvillim Ekonomik n\u00eb Komun\u00ebn e Gjilanit u b\u00ebn thirrje t\u00eb gjith\u00eb operator\u00ebve ekonomik dhe nd\u00ebrmarrjeve publike q\u00eb t\u00eb nd\u00ebrmarrin masat e nevojshme lidhur me situat\u00ebn e krijuar p\u00ebr parandalimin e p\u00ebrhapjes dhe mbrojtjen nga pandemia COVID-19 dhe t\u00eb zbatojn\u00eb me p\u00ebrpik\u00ebri t\u00eb gjitha Urdh\u00ebresat dhe Rekomandimet e dala nga Ministria e Ekonomis\u00eb Pun\u00ebs [&hellip;]<\/p>\n","protected":false},"author":1,"featured_media":53559,"comment_status":"closed","ping_status":"closed","sticky":false,"template":"","format":"standard","meta":{"footnotes":""},"categories":[5],"tags":[],"class_list":{"0":"post-53723","1":"post","2":"type-post","3":"status-publish","4":"format-standard","5":"has-post-thumbnail","7":"category-lajme"},"_links":{"self":[{"href":"https:\/\/radiostargjilan.com\/web\/wp-json\/wp\/v2\/posts\/53723","targetHints":{"allow":["GET"]}}],"collection":[{"href":"https:\/\/radiostargjilan.com\/web\/wp-json\/wp\/v2\/posts"}],"about":[{"href":"https:\/\/radiostargjilan.com\/web\/wp-json\/wp\/v2\/types\/post"}],"author":[{"embeddable":true,"href":"https:\/\/radiostargjilan.com\/web\/wp-json\/wp\/v2\/users\/1"}],"replies":[{"embeddable":true,"href":"https:\/\/radiostargjilan.com\/web\/wp-json\/wp\/v2\/comments?post=53723"}],"version-history":[{"count":0,"href":"https:\/\/radiostargjilan.com\/web\/wp-json\/wp\/v2\/posts\/53723\/revisions"}],"wp:featuredmedia":[{"embeddable":true,"href":"https:\/\/radiostargjilan.com\/web\/wp-json\/wp\/v2\/media\/53559"}],"wp:attachment":[{"href":"https:\/\/radiostargjilan.com\/web\/wp-json\/wp\/v2\/media?parent=53723"}],"wp:term":[{"taxonomy":"category","embeddable":true,"href":"https:\/\/radiostargjilan.com\/web\/wp-json\/wp\/v2\/categories?post=53723"},{"taxonomy":"post_tag","embeddable":true,"href":"https:\/\/radiostargjilan.com\/web\/wp-json\/wp\/v2\/tags?post=53723"}],"curies":[{"name":"wp","href":"https:\/\/api.w.org\/{rel}","templated":true}]}}