{"id":54548,"date":"2020-03-31T11:52:03","date_gmt":"2020-03-31T11:52:03","guid":{"rendered":"http:\/\/radiostargjilan.com\/web\/?p=54548"},"modified":"2020-03-31T11:52:03","modified_gmt":"2020-03-31T11:52:03","slug":"haziri-falenderon-zjarrfikesit-bashke-me-mjeket-dhe-policet-jane-ne-frontin-e-pare-te-luftes-kunder-pandemise","status":"publish","type":"post","link":"https:\/\/radiostargjilan.com\/web\/haziri-falenderon-zjarrfikesit-bashke-me-mjeket-dhe-policet-jane-ne-frontin-e-pare-te-luftes-kunder-pandemise\/","title":{"rendered":"Haziri fal\u00ebnderon zjarrfik\u00ebsit: Bashk\u00eb me mjek\u00ebt dhe polic\u00ebt, jan\u00eb n\u00eb frontin e par\u00eb t\u00eb luft\u00ebs kund\u00ebr pandemis\u00eb"},"content":{"rendered":"<p> Kryetari i Komun\u00eb s\u00eb Gjilanit, Lutfi Haziri, ka vizituar sot Nj\u00ebsin\u00eb e Zjarrfikjes dhe Shp\u00ebtimit, ku \u00ebsht\u00eb pritur nga komandanti, Rabit Murseli.<\/p>\n<p>Me k\u00ebt\u00eb rast, Haziri i ka p\u00ebrg\u00ebzuar dhe fal\u00ebnderuar zjarrfik\u00ebsit, duke th\u00ebn\u00eb se bashk\u00eb me mjek\u00ebt dhe policin\u00eb, ata jan\u00eb n\u00eb frontin e par\u00eb t\u00eb luft\u00ebs kund\u00ebr pandemis\u00eb Covid-19.<\/p>\n<p>Haziri ka k\u00ebrkuar nga qytetar\u00ebt q\u00eb, ve\u00e7an\u00ebrisht k\u00ebto dhjet\u00eb dit\u00ebt e ardhshme, t\u00eb mos dalinl p\u00ebrpos kur \u00ebsht\u00eb e domosdoshme.<\/p>\n<p>\u201cN\u00eb dit\u00ebn e 18-t\u00eb, Gjilani po vazhdon ta ruaj qet\u00ebsin\u00eb, n\u00eb kuptimin e luft\u00ebs kund\u00ebr pandemis\u00eb. Por, pas largimit t\u00eb kufizimit t\u00eb l\u00ebvizjes, ka filluar t\u00eb ket\u00eb frekuentim t\u00eb madh t\u00eb veturave, n\u00eb Gjilan ka filluar t\u00eb ket\u00eb qarkullim t\u00eb madh t\u00eb veturave dhe njer\u00ebzve n\u00eb qytet. Ju jus t\u00eb vet\u00ebp\u00ebrmbaheni sepse asgj\u00eb nuk ka ndryshuar\u201d, ka qen\u00eb mesazhi i Hazirit, t\u00eb cilit i \u00ebsht\u00eb bashkangjitur edhe komandanti i Nj\u00ebsis\u00eb s\u00eb Zjarrfikjes dhe Shp\u00ebtimit, Rabit Murseli.<\/p>\n","protected":false},"excerpt":{"rendered":"<p>Kryetari i Komun\u00eb s\u00eb Gjilanit, Lutfi Haziri, ka vizituar sot Nj\u00ebsin\u00eb e Zjarrfikjes dhe Shp\u00ebtimit, ku \u00ebsht\u00eb pritur nga komandanti, Rabit Murseli. Me k\u00ebt\u00eb rast, Haziri i ka p\u00ebrg\u00ebzuar dhe fal\u00ebnderuar zjarrfik\u00ebsit, duke th\u00ebn\u00eb se bashk\u00eb me mjek\u00ebt dhe policin\u00eb, ata jan\u00eb n\u00eb frontin e par\u00eb t\u00eb luft\u00ebs kund\u00ebr pandemis\u00eb Covid-19. Haziri ka k\u00ebrkuar nga [&hellip;]<\/p>\n","protected":false},"author":1,"featured_media":54549,"comment_status":"closed","ping_status":"closed","sticky":false,"template":"","format":"standard","meta":{"footnotes":""},"categories":[5],"tags":[],"class_list":{"0":"post-54548","1":"post","2":"type-post","3":"status-publish","4":"format-standard","5":"has-post-thumbnail","7":"category-lajme"},"_links":{"self":[{"href":"https:\/\/radiostargjilan.com\/web\/wp-json\/wp\/v2\/posts\/54548","targetHints":{"allow":["GET"]}}],"collection":[{"href":"https:\/\/radiostargjilan.com\/web\/wp-json\/wp\/v2\/posts"}],"about":[{"href":"https:\/\/radiostargjilan.com\/web\/wp-json\/wp\/v2\/types\/post"}],"author":[{"embeddable":true,"href":"https:\/\/radiostargjilan.com\/web\/wp-json\/wp\/v2\/users\/1"}],"replies":[{"embeddable":true,"href":"https:\/\/radiostargjilan.com\/web\/wp-json\/wp\/v2\/comments?post=54548"}],"version-history":[{"count":0,"href":"https:\/\/radiostargjilan.com\/web\/wp-json\/wp\/v2\/posts\/54548\/revisions"}],"wp:featuredmedia":[{"embeddable":true,"href":"https:\/\/radiostargjilan.com\/web\/wp-json\/wp\/v2\/media\/54549"}],"wp:attachment":[{"href":"https:\/\/radiostargjilan.com\/web\/wp-json\/wp\/v2\/media?parent=54548"}],"wp:term":[{"taxonomy":"category","embeddable":true,"href":"https:\/\/radiostargjilan.com\/web\/wp-json\/wp\/v2\/categories?post=54548"},{"taxonomy":"post_tag","embeddable":true,"href":"https:\/\/radiostargjilan.com\/web\/wp-json\/wp\/v2\/tags?post=54548"}],"curies":[{"name":"wp","href":"https:\/\/api.w.org\/{rel}","templated":true}]}}