{"id":54672,"date":"2020-04-02T09:30:27","date_gmt":"2020-04-02T09:30:27","guid":{"rendered":"http:\/\/radiostargjilan.com\/web\/?p=54672"},"modified":"2020-04-02T09:30:27","modified_gmt":"2020-04-02T09:30:27","slug":"gjilani-peja-dhe-gjakova-shembull-per-respektimin-e-ores-policore","status":"publish","type":"post","link":"https:\/\/radiostargjilan.com\/web\/gjilani-peja-dhe-gjakova-shembull-per-respektimin-e-ores-policore\/","title":{"rendered":"Gjilani, Peja dhe Gjakova \u2013 shembull p\u00ebr respektimin e or\u00ebs policore"},"content":{"rendered":"<p>Tri komuna n\u00eb Kosov\u00eb jan\u00eb treguar shembullore n\u00eb respektimin e dispozitave sh\u00ebndet\u00ebsore gjat\u00eb pandemis\u00eb, shkruan IndeksOnline.<\/p>\n<p>N\u00eb Gjilan, Pej\u00eb dhe Gjakov\u00eb gjat\u00eb dit\u00ebs s\u00eb djeshme nuk \u00ebsht\u00eb sh\u00ebnuar asnj\u00eb rast, sipas raportit t\u00eb policis\u00eb.<\/p>\n<p>Por edhe komunat e t\u00eb tjera nuk \u00ebsht\u00eb se nuk e respektojn\u00eb or\u00ebn policore.<\/p>\n<p>Gjat\u00eb 24 or\u00ebve t\u00eb fundit n\u00eb Ferizaj, Mitrovic\u00eb t\u00eb Jugut dhe Prizren \u00ebsht\u00eb sh\u00ebnuar nj\u00eb rast \u00ebsht\u00eb sh\u00ebnuar vet\u00ebm nj\u00eb rast.\/indeksonline\/<br \/>\n<img loading=\"lazy\" loading=\"lazy\" decoding=\"async\" src=\"https:\/\/radiostargjilan.com\/web\/wp-content\/uploads\/2020\/04\/40B25CB8-99F1-4AAE-8501-CA49B95D3367.jpeg\" alt=\"\" width=\"769\" height=\"960\" class=\"aligncenter size-full wp-image-54673\" srcset=\"https:\/\/radiostargjilan.com\/web\/wp-content\/uploads\/2020\/04\/40B25CB8-99F1-4AAE-8501-CA49B95D3367.jpeg 769w, https:\/\/radiostargjilan.com\/web\/wp-content\/uploads\/2020\/04\/40B25CB8-99F1-4AAE-8501-CA49B95D3367-600x749.jpeg 600w, https:\/\/radiostargjilan.com\/web\/wp-content\/uploads\/2020\/04\/40B25CB8-99F1-4AAE-8501-CA49B95D3367-240x300.jpeg 240w\" sizes=\"auto, (max-width: 769px) 100vw, 769px\" \/><\/p>\n","protected":false},"excerpt":{"rendered":"<p>Tri komuna n\u00eb Kosov\u00eb jan\u00eb treguar shembullore n\u00eb respektimin e dispozitave sh\u00ebndet\u00ebsore gjat\u00eb pandemis\u00eb, shkruan IndeksOnline. N\u00eb Gjilan, Pej\u00eb dhe Gjakov\u00eb gjat\u00eb dit\u00ebs s\u00eb djeshme nuk \u00ebsht\u00eb sh\u00ebnuar asnj\u00eb rast, sipas raportit t\u00eb policis\u00eb. Por edhe komunat e t\u00eb tjera nuk \u00ebsht\u00eb se nuk e respektojn\u00eb or\u00ebn policore. Gjat\u00eb 24 or\u00ebve t\u00eb fundit n\u00eb Ferizaj, [&hellip;]<\/p>\n","protected":false},"author":1,"featured_media":54651,"comment_status":"closed","ping_status":"closed","sticky":false,"template":"","format":"standard","meta":{"footnotes":""},"categories":[5],"tags":[],"class_list":{"0":"post-54672","1":"post","2":"type-post","3":"status-publish","4":"format-standard","5":"has-post-thumbnail","7":"category-lajme"},"_links":{"self":[{"href":"https:\/\/radiostargjilan.com\/web\/wp-json\/wp\/v2\/posts\/54672","targetHints":{"allow":["GET"]}}],"collection":[{"href":"https:\/\/radiostargjilan.com\/web\/wp-json\/wp\/v2\/posts"}],"about":[{"href":"https:\/\/radiostargjilan.com\/web\/wp-json\/wp\/v2\/types\/post"}],"author":[{"embeddable":true,"href":"https:\/\/radiostargjilan.com\/web\/wp-json\/wp\/v2\/users\/1"}],"replies":[{"embeddable":true,"href":"https:\/\/radiostargjilan.com\/web\/wp-json\/wp\/v2\/comments?post=54672"}],"version-history":[{"count":0,"href":"https:\/\/radiostargjilan.com\/web\/wp-json\/wp\/v2\/posts\/54672\/revisions"}],"wp:featuredmedia":[{"embeddable":true,"href":"https:\/\/radiostargjilan.com\/web\/wp-json\/wp\/v2\/media\/54651"}],"wp:attachment":[{"href":"https:\/\/radiostargjilan.com\/web\/wp-json\/wp\/v2\/media?parent=54672"}],"wp:term":[{"taxonomy":"category","embeddable":true,"href":"https:\/\/radiostargjilan.com\/web\/wp-json\/wp\/v2\/categories?post=54672"},{"taxonomy":"post_tag","embeddable":true,"href":"https:\/\/radiostargjilan.com\/web\/wp-json\/wp\/v2\/tags?post=54672"}],"curies":[{"name":"wp","href":"https:\/\/api.w.org\/{rel}","templated":true}]}}