{"id":55533,"date":"2020-04-14T10:12:11","date_gmt":"2020-04-14T10:12:11","guid":{"rendered":"http:\/\/radiostargjilan.com\/web\/?p=55533"},"modified":"2020-04-14T10:12:11","modified_gmt":"2020-04-14T10:12:11","slug":"komuna-e-vitise-pergatitet-per-orarin-e-ri-te-qarkullimit-qe-hyne-ne-fuqi-neser","status":"publish","type":"post","link":"https:\/\/radiostargjilan.com\/web\/komuna-e-vitise-pergatitet-per-orarin-e-ri-te-qarkullimit-qe-hyne-ne-fuqi-neser\/","title":{"rendered":"Komuna e Vitis\u00eb p\u00ebrgatit\u00ebt p\u00ebr orarin e ri t\u00eb qarkullimit q\u00eb hyn\u00eb n\u00eb fuqi nes\u00ebr"},"content":{"rendered":"<p>Komiteti Komunal p\u00ebr Mbrojtje dhe Shp\u00ebtim t\u00eb Komun\u00ebs s\u00eb Vitis\u00eb, ka analizuar sot vendimin e Ministris\u00eb s\u00eb Sh\u00ebndet\u00ebsis\u00eb p\u00ebr orarin e ri t\u00eb qarkullimit t\u00eb qytetar\u00ebve si mas\u00eb parandaluese kund\u00ebr virusit pandemik COVID-19 i cili hyn\u00eb n\u00eb fuqi me 15 prill.  <\/p>\n<p>Kryetari i Komun\u00ebs s\u00eb Vitis\u00eb, Sokol Haliti i cili edhe kryeson k\u00ebt\u00eb komitet ka th\u00ebn\u00eb se kjo komun\u00eb do t\u00eb zbatoj n\u00eb p\u00ebrpikem\u00ebri edhe k\u00ebt\u00eb vendim dhe n\u00eb koordinimin me mekanizma t\u00eb tjer\u00eb relevant do t\u00eb jen\u00eb n\u00eb sh\u00ebrbim t\u00eb qytetar\u00ebve n\u00eb m\u00ebnyr\u00eb q\u00eb ata edhe n\u00eb k\u00ebt\u00eb situat\u00eb t\u00eb l\u00ebvizjes s\u00eb kufizuar t\u00eb mund t\u00eb marrin sh\u00ebrbimet e domosdoshme. Kapiten Afrim Halili, Komandant i  Stacionit Policor n\u00eb Viti, i cili edhe morri pjes\u00eb n\u00eb k\u00ebt\u00eb takim shprehu gatishm\u00ebrin\u00eb e tij dhe t\u00eb policis\u00eb q\u00eb t\u00eb bashk\u00ebpunoj me Komitetin Komunal p\u00ebr Mbrojtje dhe Shp\u00ebtim dhe k\u00ebrkoj q\u00eb qytetar\u00ebt t\u00eb respektojn\u00eb orarin e ri t\u00eb  l\u00ebvizjes.   Ky komitet ka diskutuar mund\u00ebsit\u00eb dhe m\u00ebnyrat si dhe aspektin ligjor t\u00eb pajisjes s\u00eb kategorive t\u00eb caktuara me leje t\u00eb qarkullimit brenda territorit t\u00eb komun\u00ebs s\u00eb Vitis\u00eb.  Kryetari Haliti ka k\u00ebrkuar mir\u00ebkuptim nga qytetar\u00ebt sepse nga nes\u00ebr qarkullimi do t\u00eb jet\u00eb m\u00eb i v\u00ebshtir\u00eb por ka k\u00ebrkuar nga ta q\u00eb t\u00eb ju p\u00ebrmbahen orarit t\u00eb ri t\u00eb l\u00ebvizjes q\u00eb \u00ebsht\u00eb vendosur nga niveli qendror p\u00ebr t\u00eb ruajtur sh\u00ebndetin publik.  Poashtu gjat\u00eb k\u00ebtij takimi \u00ebsht\u00eb biseduar edhe p\u00ebr shp\u00ebrndarjen e ndihmave t\u00eb cilat i ka pranuar ky komitet p\u00ebr qytetar\u00ebt  me gjendje t\u00eb renduar financiare. Nd\u00ebrkaq sot do t\u00eb vazhdohet me klorifikimin e rrug\u00ebve n\u00eb disa lokalitetet t\u00eb komun\u00ebs s\u00eb Vitis\u00eb.<\/p>\n","protected":false},"excerpt":{"rendered":"<p>Komiteti Komunal p\u00ebr Mbrojtje dhe Shp\u00ebtim t\u00eb Komun\u00ebs s\u00eb Vitis\u00eb, ka analizuar sot vendimin e Ministris\u00eb s\u00eb Sh\u00ebndet\u00ebsis\u00eb p\u00ebr orarin e ri t\u00eb qarkullimit t\u00eb qytetar\u00ebve si mas\u00eb parandaluese kund\u00ebr virusit pandemik COVID-19 i cili hyn\u00eb n\u00eb fuqi me 15 prill. Kryetari i Komun\u00ebs s\u00eb Vitis\u00eb, Sokol Haliti i cili edhe kryeson k\u00ebt\u00eb komitet ka [&hellip;]<\/p>\n","protected":false},"author":1,"featured_media":55534,"comment_status":"closed","ping_status":"closed","sticky":false,"template":"","format":"standard","meta":{"footnotes":""},"categories":[5],"tags":[],"class_list":{"0":"post-55533","1":"post","2":"type-post","3":"status-publish","4":"format-standard","5":"has-post-thumbnail","7":"category-lajme"},"_links":{"self":[{"href":"https:\/\/radiostargjilan.com\/web\/wp-json\/wp\/v2\/posts\/55533","targetHints":{"allow":["GET"]}}],"collection":[{"href":"https:\/\/radiostargjilan.com\/web\/wp-json\/wp\/v2\/posts"}],"about":[{"href":"https:\/\/radiostargjilan.com\/web\/wp-json\/wp\/v2\/types\/post"}],"author":[{"embeddable":true,"href":"https:\/\/radiostargjilan.com\/web\/wp-json\/wp\/v2\/users\/1"}],"replies":[{"embeddable":true,"href":"https:\/\/radiostargjilan.com\/web\/wp-json\/wp\/v2\/comments?post=55533"}],"version-history":[{"count":0,"href":"https:\/\/radiostargjilan.com\/web\/wp-json\/wp\/v2\/posts\/55533\/revisions"}],"wp:featuredmedia":[{"embeddable":true,"href":"https:\/\/radiostargjilan.com\/web\/wp-json\/wp\/v2\/media\/55534"}],"wp:attachment":[{"href":"https:\/\/radiostargjilan.com\/web\/wp-json\/wp\/v2\/media?parent=55533"}],"wp:term":[{"taxonomy":"category","embeddable":true,"href":"https:\/\/radiostargjilan.com\/web\/wp-json\/wp\/v2\/categories?post=55533"},{"taxonomy":"post_tag","embeddable":true,"href":"https:\/\/radiostargjilan.com\/web\/wp-json\/wp\/v2\/tags?post=55533"}],"curies":[{"name":"wp","href":"https:\/\/api.w.org\/{rel}","templated":true}]}}