{"id":55745,"date":"2020-04-17T11:29:40","date_gmt":"2020-04-17T11:29:40","guid":{"rendered":"http:\/\/radiostargjilan.com\/web\/?p=55745"},"modified":"2020-04-17T11:29:40","modified_gmt":"2020-04-17T11:29:40","slug":"dy-paciente-me-koronavirus-ne-gjendje-te-rende-pese-lirohen-ne-shtepi","status":"publish","type":"post","link":"https:\/\/radiostargjilan.com\/web\/dy-paciente-me-koronavirus-ne-gjendje-te-rende-pese-lirohen-ne-shtepi\/","title":{"rendered":"Dy pacient\u00eb me koronavirus n\u00eb gjendje t\u00eb r\u00ebnd\u00eb, pes\u00eb lirohen n\u00eb sht\u00ebpi"},"content":{"rendered":"<p>Momentalisht n\u00eb Klinik\u00ebn Infektive jan\u00eb t\u00eb shtrir\u00eb 52 pacient\u00eb t\u00eb infektuar m\u00eb Coronavirus, dy prej t\u00eb cil\u00ebve jan\u00eb n\u00eb gjendje m\u00eb t\u00eb r\u00ebnd\u00eb.<\/p>\n<p>K\u00ebshtu ka th\u00ebn\u00eb n\u00eb nj\u00eb konferenc\u00eb p\u00ebr medie infketologu Shemsedin Dreshaj.<\/p>\n<p>\u201cN\u00eb Klinik\u00ebn Infektive jan\u00eb 52 pacient prej tyre 11 jan\u00eb n\u00eb kujdes intensiv dhe me oksigjeno terapi dhe 2 jan\u00eb n\u00eb gjendje kritike dhe jan\u00eb t\u00eb shtruar n\u00eb nj\u00ebsin\u00eb e mjekimit intensiv. Nj\u00ebra prej tyre \u00ebsht\u00eb e intubuar\u201d.<\/p>\n<p>\u201cSot kemi evidentuar nj\u00eb vdekje t\u00eb radh\u00ebs q\u00eb \u00ebsht\u00eb nga fshat Nerodime e Ferizajt dhe i mosh\u00ebs 70 vje\u00e7 dhe ky pacient ka pasur edhe s\u00ebmundje t\u00eb tjera\u201d, tha Dreshaj.<\/p>\n<p>Ai ka b\u00ebr\u00eb t\u00eb ditur se nga Klinika jan\u00eb edhe 5 pacient\u00eb t\u00eb sh\u00ebruar dhe n\u00eb pritje t\u00eb rezultateve jan\u00eb edhe 6 pacient t\u00eb tjer\u00eb t\u00eb cil\u00ebt jan\u00eb t\u00eb shtrir\u00eb n\u00eb Infektiv\u00eb.<\/p>\n<p>Ai ka th\u00ebn\u00eb se pacienti q\u00eb ka vdekur sot ka qen\u00eb i shtrir\u00eb prej dat\u00ebs 13 prill, transmeton EO.<\/p>\n<p>Dreshaj ka folur edhe p\u00ebr gjendjen e gruas shtat\u00ebz\u00ebn\u00eb dhe foshnjes s\u00eb saj.<\/p>\n<p>Gjendja e foshnj\u00ebs \u00ebsht\u00eb e mir\u00eb dhe foshnja p\u00ebr nga ekzaminimet \u00ebsht\u00eb e gjall\u00eb, nd\u00ebrsa gjendja e n\u00ebn\u00ebs \u00ebsht\u00eb e r\u00ebnd\u00eb.<\/p>\n","protected":false},"excerpt":{"rendered":"<p>Momentalisht n\u00eb Klinik\u00ebn Infektive jan\u00eb t\u00eb shtrir\u00eb 52 pacient\u00eb t\u00eb infektuar m\u00eb Coronavirus, dy prej t\u00eb cil\u00ebve jan\u00eb n\u00eb gjendje m\u00eb t\u00eb r\u00ebnd\u00eb. K\u00ebshtu ka th\u00ebn\u00eb n\u00eb nj\u00eb konferenc\u00eb p\u00ebr medie infketologu Shemsedin Dreshaj. \u201cN\u00eb Klinik\u00ebn Infektive jan\u00eb 52 pacient prej tyre 11 jan\u00eb n\u00eb kujdes intensiv dhe me oksigjeno terapi dhe 2 jan\u00eb n\u00eb [&hellip;]<\/p>\n","protected":false},"author":1,"featured_media":55747,"comment_status":"closed","ping_status":"closed","sticky":false,"template":"","format":"standard","meta":{"footnotes":""},"categories":[5],"tags":[],"class_list":{"0":"post-55745","1":"post","2":"type-post","3":"status-publish","4":"format-standard","5":"has-post-thumbnail","7":"category-lajme"},"_links":{"self":[{"href":"https:\/\/radiostargjilan.com\/web\/wp-json\/wp\/v2\/posts\/55745","targetHints":{"allow":["GET"]}}],"collection":[{"href":"https:\/\/radiostargjilan.com\/web\/wp-json\/wp\/v2\/posts"}],"about":[{"href":"https:\/\/radiostargjilan.com\/web\/wp-json\/wp\/v2\/types\/post"}],"author":[{"embeddable":true,"href":"https:\/\/radiostargjilan.com\/web\/wp-json\/wp\/v2\/users\/1"}],"replies":[{"embeddable":true,"href":"https:\/\/radiostargjilan.com\/web\/wp-json\/wp\/v2\/comments?post=55745"}],"version-history":[{"count":0,"href":"https:\/\/radiostargjilan.com\/web\/wp-json\/wp\/v2\/posts\/55745\/revisions"}],"wp:featuredmedia":[{"embeddable":true,"href":"https:\/\/radiostargjilan.com\/web\/wp-json\/wp\/v2\/media\/55747"}],"wp:attachment":[{"href":"https:\/\/radiostargjilan.com\/web\/wp-json\/wp\/v2\/media?parent=55745"}],"wp:term":[{"taxonomy":"category","embeddable":true,"href":"https:\/\/radiostargjilan.com\/web\/wp-json\/wp\/v2\/categories?post=55745"},{"taxonomy":"post_tag","embeddable":true,"href":"https:\/\/radiostargjilan.com\/web\/wp-json\/wp\/v2\/tags?post=55745"}],"curies":[{"name":"wp","href":"https:\/\/api.w.org\/{rel}","templated":true}]}}