{"id":55980,"date":"2020-04-21T12:28:18","date_gmt":"2020-04-21T12:28:18","guid":{"rendered":"http:\/\/radiostargjilan.com\/web\/?p=55980"},"modified":"2020-04-21T12:28:18","modified_gmt":"2020-04-21T12:28:18","slug":"u-d-ministri-svecla-vizitoi-njesite-policore-te-rajonit-te-gjilanit-ne-terren","status":"publish","type":"post","link":"https:\/\/radiostargjilan.com\/web\/u-d-ministri-svecla-vizitoi-njesite-policore-te-rajonit-te-gjilanit-ne-terren\/","title":{"rendered":"U.d Ministri Sve\u00e7la vizitoi nj\u00ebsit\u00eb policore t\u00eb rajonit t\u00eb Gjilanit n\u00eb terren"},"content":{"rendered":"<p>U.d ministri i Ministris\u00eb s\u00eb Pun\u00ebve t\u00eb Brendshme dhe Administrat\u00ebs Publike, z. Xhelal Sve\u00e7la, n\u00eb kuad\u00ebr t\u00eb vizitave t\u00eb ekipeve emergjente n\u00ebp\u00ebr komunat e Kosov\u00ebs, ka biseduar me disa prej patrullave policore t\u00eb rajonit t\u00eb Gjilanit q\u00eb jan\u00eb duke punuar n\u00eb terren, n\u00eb zbatim t\u00eb vendimeve t\u00eb Qeveris\u00eb s\u00eb Kosov\u00ebs, p\u00ebr masat kund\u00ebr pandemis\u00eb me Covid 19.<\/p>\n<p>Gjat\u00eb bashk\u00ebbisedimeve ministri Sve\u00e7la, fal\u00ebnderoi zyrtar\u00ebt policor p\u00ebr pun\u00ebn q\u00eb po b\u00ebjn\u00eb n\u00eb terren. Ai vuri n\u00eb dukje se edhe n\u00eb konceptet e p\u00ebrgjithshme t\u00eb siguris\u00eb n\u00eb Evrop\u00eb, prezenca e ekipeve policore n\u00eb pika kryqe t\u00eb menaxhimit t\u00eb akseve rrugore, t\u00eb qyteteve, ose ndryshe q\u00eb quhen pika fragjile, ofron ndjenj\u00ebn e besimit t\u00eb qytetar\u00ebt t\u00eb cil\u00ebt ndjehen t\u00eb sigurt\u00eb pavar\u00ebsisht \u00e7far\u00eb veprimtarie ushtojn\u00eb.<\/p>\n<p>Me k\u00ebt\u00eb rast ministri Sve\u00e7la vler\u00ebsoi jasht\u00ebzakonisht ekipet n\u00eb terren, p\u00ebr pun\u00ebn profesionale n\u00eb koordinim t\u00eb plot\u00eb me t\u00eb gjitha institucionet kompetente p\u00ebr menaxhimin e situat\u00ebs pandemike, ngase pavar\u00ebsisht planeve profesionale q\u00eb mund t\u00eb hartohen n\u00eb qend\u00ebr, pa nj\u00eb zbatim q\u00eb po ndodh\u00eb n\u00eb terren nuk do t\u00eb ishin k\u00ebto rezultate q\u00eb jan\u00eb sipas planit p\u00ebr gatishm\u00ebri dhe reagim.<\/p>\n<p>Zyrtar\u00ebt policor\u00eb e njoftuan ministrin Sve\u00e7la p\u00ebr pengesat q\u00eb po dalin gjat\u00eb kryerjes s\u00eb detyr\u00ebs, megjithat\u00eb vler\u00ebsuan se pas disa sqarimeve q\u00eb po ju jepen edhe n\u00eb terren, qytetar\u00ebt jan\u00eb duke treguar nj\u00eb disiplin\u00eb n\u00eb zbatim t\u00eb udh\u00ebzimeve q\u00eb jan\u00eb duke iu dh\u00ebn\u00eb policia<\/p>\n","protected":false},"excerpt":{"rendered":"<p>U.d ministri i Ministris\u00eb s\u00eb Pun\u00ebve t\u00eb Brendshme dhe Administrat\u00ebs Publike, z. Xhelal Sve\u00e7la, n\u00eb kuad\u00ebr t\u00eb vizitave t\u00eb ekipeve emergjente n\u00ebp\u00ebr komunat e Kosov\u00ebs, ka biseduar me disa prej patrullave policore t\u00eb rajonit t\u00eb Gjilanit q\u00eb jan\u00eb duke punuar n\u00eb terren, n\u00eb zbatim t\u00eb vendimeve t\u00eb Qeveris\u00eb s\u00eb Kosov\u00ebs, p\u00ebr masat kund\u00ebr pandemis\u00eb me [&hellip;]<\/p>\n","protected":false},"author":1,"featured_media":55981,"comment_status":"closed","ping_status":"closed","sticky":false,"template":"","format":"standard","meta":{"footnotes":""},"categories":[5],"tags":[],"class_list":{"0":"post-55980","1":"post","2":"type-post","3":"status-publish","4":"format-standard","5":"has-post-thumbnail","7":"category-lajme"},"_links":{"self":[{"href":"https:\/\/radiostargjilan.com\/web\/wp-json\/wp\/v2\/posts\/55980","targetHints":{"allow":["GET"]}}],"collection":[{"href":"https:\/\/radiostargjilan.com\/web\/wp-json\/wp\/v2\/posts"}],"about":[{"href":"https:\/\/radiostargjilan.com\/web\/wp-json\/wp\/v2\/types\/post"}],"author":[{"embeddable":true,"href":"https:\/\/radiostargjilan.com\/web\/wp-json\/wp\/v2\/users\/1"}],"replies":[{"embeddable":true,"href":"https:\/\/radiostargjilan.com\/web\/wp-json\/wp\/v2\/comments?post=55980"}],"version-history":[{"count":0,"href":"https:\/\/radiostargjilan.com\/web\/wp-json\/wp\/v2\/posts\/55980\/revisions"}],"wp:featuredmedia":[{"embeddable":true,"href":"https:\/\/radiostargjilan.com\/web\/wp-json\/wp\/v2\/media\/55981"}],"wp:attachment":[{"href":"https:\/\/radiostargjilan.com\/web\/wp-json\/wp\/v2\/media?parent=55980"}],"wp:term":[{"taxonomy":"category","embeddable":true,"href":"https:\/\/radiostargjilan.com\/web\/wp-json\/wp\/v2\/categories?post=55980"},{"taxonomy":"post_tag","embeddable":true,"href":"https:\/\/radiostargjilan.com\/web\/wp-json\/wp\/v2\/tags?post=55980"}],"curies":[{"name":"wp","href":"https:\/\/api.w.org\/{rel}","templated":true}]}}