{"id":56566,"date":"2020-05-01T19:37:06","date_gmt":"2020-05-01T19:37:06","guid":{"rendered":"http:\/\/radiostargjilan.com\/web\/?p=56566"},"modified":"2020-05-01T19:37:06","modified_gmt":"2020-05-01T19:37:06","slug":"ismajli-me-fjale-te-medha-per-ekrem-rukovcin","status":"publish","type":"post","link":"https:\/\/radiostargjilan.com\/web\/ismajli-me-fjale-te-medha-per-ekrem-rukovcin\/","title":{"rendered":"Ismajli me fjal\u00eb t\u00eb m\u00ebdha p\u00ebr Ekrem Rukovcin"},"content":{"rendered":"<p>Knaq\u00ebsi e jasht\u00ebzakonshme, t\u00eb takoj\u00eb sportistin e mir\u00ebnjohur nga Gjilani, z. Ekrem Beqiri-Rukovci. Eki, ishte nj\u00eb futbollist i shk\u00eblqyesh\u00ebm n\u00eb koh\u00ebn e tij t\u00eb art\u00eb. Me Ekremin, sa her\u00eb q\u00eb ulesh dhe bisedon, t\u00eb jep motiv dhe vullnet p\u00ebr pun\u00eb, jet\u00eb dhe arritje rezultatesh.<\/p>\n<p>Rrjedh\u00eb prej nj\u00eb familje e cila mbi supet e saja, mbart\u00eb nj\u00eb epitet t\u00eb lart\u00eb em\u00ebrimi nga qyteti. Jo rast\u00ebsisht, me p\u00ebrplot\u00eb krenari, \u00ebsht\u00eb shpallur nderi i qytetit n\u00eb Komun\u00ebn e Gjilanit. <\/p>\n<p>Ai thekson q\u00eb koha ec\u00ebn shum\u00eb shpejt\u00eb, por, ajo q\u00eb e b\u00ebn\u00eb krenar\u00eb at\u00eb, \u00ebsht\u00eb vepra, puna dhe p\u00ebrkushtimi p\u00ebr ta ngritur nivelin e sportit gjilanas n\u00eb majet m\u00eb t\u00eb larta. Ekremi, ishte nj\u00eb lojtar\u00eb i jasht\u00ebzakonsh\u00ebm n\u00eb fush\u00eb, teknik shum\u00eb i mir\u00eb, duke l\u00ebn\u00eb gjurm\u00eb t\u00eb pashlyera n\u00eb futbollin ton\u00eb. <\/p>\n<p>Historia e tij, len\u00eb gjurm\u00eb t\u00eb pashlyera dhe mbresl\u00ebn\u00ebse n\u00eb futbollist\u00ebt e dit\u00ebve t\u00eb sotit. Ekrem Beqiri-Rukovci, ishte futbollist i C.Zvezd\u00ebs s\u00eb Gjilanit, Ramiz Sadikut, Drit\u00ebs e m\u00eb von\u00eb edhe trajner i \u201cbardh e kalt\u00ebrve\u201d. Ekremi, konsiderohej si nj\u00ebri nd\u00ebr mesfushor\u00ebt m\u00eb t\u00eb mir\u00eb n\u00eb Kosov\u00eb. <\/p>\n<p>Gjurm\u00ebve t\u00eb tij ishin bashkuar edhe dy v\u00ebllez\u00ebrit e tij, Beqir e Orhan Rukovci. Doajeni i futbollit gjilanas, Ekrem Beqiri-Rukovci, edhe pse ka kaluar nj\u00eb karrier\u00eb mbamend\u00ebse p\u00ebr historin\u00eb ton\u00eb , ai ende mban\u00eb vitalitetin dhe dashurin\u00eb prej nj\u00eb sportisti. <\/p>\n<p>N\u00eb mendjen, dhe, trupin e tij, ende ka p\u00ebrplot\u00eb forc\u00eb e kurajo p\u00ebr tu p\u00ebrballur n\u00eb fush\u00eb, k\u00ebt\u00eb e d\u00ebshmon edhe sot. Ekrem Beqiri-Rukovci, do t\u00eb mbahet mend si sportdash\u00ebsi, i cili e ngriti futbollin gjilanas n\u00eb piedestalin m\u00eb t\u00eb lart\u00eb t\u00eb tij.<\/p>\n<p>Faleminderit, legjend\u00eb. P\u00ebrher\u00eb, do t\u00eb mbetesh frym\u00ebzim n\u00eb historin\u00eb e sportdash\u00ebsve gjilanas!<\/p>\n<p>#bashkeiadalim<\/p>\n","protected":false},"excerpt":{"rendered":"<p>Knaq\u00ebsi e jasht\u00ebzakonshme, t\u00eb takoj\u00eb sportistin e mir\u00ebnjohur nga Gjilani, z. Ekrem Beqiri-Rukovci. Eki, ishte nj\u00eb futbollist i shk\u00eblqyesh\u00ebm n\u00eb koh\u00ebn e tij t\u00eb art\u00eb. Me Ekremin, sa her\u00eb q\u00eb ulesh dhe bisedon, t\u00eb jep motiv dhe vullnet p\u00ebr pun\u00eb, jet\u00eb dhe arritje rezultatesh. Rrjedh\u00eb prej nj\u00eb familje e cila mbi supet e saja, mbart\u00eb [&hellip;]<\/p>\n","protected":false},"author":1,"featured_media":56563,"comment_status":"closed","ping_status":"closed","sticky":false,"template":"","format":"standard","meta":{"footnotes":""},"categories":[5],"tags":[],"class_list":{"0":"post-56566","1":"post","2":"type-post","3":"status-publish","4":"format-standard","5":"has-post-thumbnail","7":"category-lajme"},"_links":{"self":[{"href":"https:\/\/radiostargjilan.com\/web\/wp-json\/wp\/v2\/posts\/56566","targetHints":{"allow":["GET"]}}],"collection":[{"href":"https:\/\/radiostargjilan.com\/web\/wp-json\/wp\/v2\/posts"}],"about":[{"href":"https:\/\/radiostargjilan.com\/web\/wp-json\/wp\/v2\/types\/post"}],"author":[{"embeddable":true,"href":"https:\/\/radiostargjilan.com\/web\/wp-json\/wp\/v2\/users\/1"}],"replies":[{"embeddable":true,"href":"https:\/\/radiostargjilan.com\/web\/wp-json\/wp\/v2\/comments?post=56566"}],"version-history":[{"count":0,"href":"https:\/\/radiostargjilan.com\/web\/wp-json\/wp\/v2\/posts\/56566\/revisions"}],"wp:featuredmedia":[{"embeddable":true,"href":"https:\/\/radiostargjilan.com\/web\/wp-json\/wp\/v2\/media\/56563"}],"wp:attachment":[{"href":"https:\/\/radiostargjilan.com\/web\/wp-json\/wp\/v2\/media?parent=56566"}],"wp:term":[{"taxonomy":"category","embeddable":true,"href":"https:\/\/radiostargjilan.com\/web\/wp-json\/wp\/v2\/categories?post=56566"},{"taxonomy":"post_tag","embeddable":true,"href":"https:\/\/radiostargjilan.com\/web\/wp-json\/wp\/v2\/tags?post=56566"}],"curies":[{"name":"wp","href":"https:\/\/api.w.org\/{rel}","templated":true}]}}