{"id":56714,"date":"2020-05-03T18:37:33","date_gmt":"2020-05-03T18:37:33","guid":{"rendered":"http:\/\/radiostargjilan.com\/web\/?p=56714"},"modified":"2020-05-03T18:37:33","modified_gmt":"2020-05-03T18:37:33","slug":"takim-i-policise-ne-komunitet-me-banor-te-lagjes-avdulla-presheva","status":"publish","type":"post","link":"https:\/\/radiostargjilan.com\/web\/takim-i-policise-ne-komunitet-me-banor-te-lagjes-avdulla-presheva\/","title":{"rendered":"Takim i Policis\u00eb n\u00eb Komunitet me banor t\u00eb lagjes &#8220;Avdulla Presheva&#8221;"},"content":{"rendered":"<p>Sot me 03 maj 2020 rreth or\u00ebs 15:00, policia e Kosov\u00ebs nj\u00ebsitet ne komunitet kan\u00eb realizuar nje takim me kryetarin e keshillit te lagjes &#8220;A.Presheva&#8221; z.Bekim Mustafa ,po ashtu  \u00eb takim moren pjes edhe antar KLSP-ne e k\u00ebsaj lagjeje si dhe drejtori i shkolles &#8220;Regjep Elmazi&#8221;ne lagjen &#8220;Dheu i bardh&#8221;.<\/p>\n<p>Takimi eshte mbajtur ne oborrin e shkolles &#8220;Regjep Elmazi&#8221;  ne kushte distanc\u00ebs sociale pershkak te gjendjes se tanishme t\u00eb pandemis\u00eb.Tem\u00eb e diskutimit ka qen kryesisht gjendja e sigurise ne lagje e cila ne menyre unanime \u00ebsht\u00eb vleresuar e mire.<\/p>\n<p>T\u00eb pranishmit jan\u00eb falenderuar ne punen dhe angazhimin e policies s\u00eb Kosov\u0113s, duke e vleresuar lart bashkpunimin e vazhdueshem te policies ne komunitet ku edhe perkunder angazhimeve te shumta gjate gjendjes se krijuar pershkak te pandemise me COVID-19 , Policia e Kosov\u00ebs n\u00eb as nj\u00eb rast nuk i len anash as angazhimet p\u00ear ofrimin e siguris per qytetaret e saj.<\/p>\n<p>Policia e Kosov\u00ebs do te jet\u00eb gjithmon\u00eb  pran komunitetit dhe qytetarve t\u00eb saj..<\/p>\n","protected":false},"excerpt":{"rendered":"<p>Sot me 03 maj 2020 rreth or\u00ebs 15:00, policia e Kosov\u00ebs nj\u00ebsitet ne komunitet kan\u00eb realizuar nje takim me kryetarin e keshillit te lagjes &#8220;A.Presheva&#8221; z.Bekim Mustafa ,po ashtu \u00eb takim moren pjes edhe antar KLSP-ne e k\u00ebsaj lagjeje si dhe drejtori i shkolles &#8220;Regjep Elmazi&#8221;ne lagjen &#8220;Dheu i bardh&#8221;. Takimi eshte mbajtur ne oborrin [&hellip;]<\/p>\n","protected":false},"author":1,"featured_media":56715,"comment_status":"closed","ping_status":"closed","sticky":false,"template":"","format":"standard","meta":{"footnotes":""},"categories":[5],"tags":[],"class_list":{"0":"post-56714","1":"post","2":"type-post","3":"status-publish","4":"format-standard","5":"has-post-thumbnail","7":"category-lajme"},"_links":{"self":[{"href":"https:\/\/radiostargjilan.com\/web\/wp-json\/wp\/v2\/posts\/56714","targetHints":{"allow":["GET"]}}],"collection":[{"href":"https:\/\/radiostargjilan.com\/web\/wp-json\/wp\/v2\/posts"}],"about":[{"href":"https:\/\/radiostargjilan.com\/web\/wp-json\/wp\/v2\/types\/post"}],"author":[{"embeddable":true,"href":"https:\/\/radiostargjilan.com\/web\/wp-json\/wp\/v2\/users\/1"}],"replies":[{"embeddable":true,"href":"https:\/\/radiostargjilan.com\/web\/wp-json\/wp\/v2\/comments?post=56714"}],"version-history":[{"count":0,"href":"https:\/\/radiostargjilan.com\/web\/wp-json\/wp\/v2\/posts\/56714\/revisions"}],"wp:featuredmedia":[{"embeddable":true,"href":"https:\/\/radiostargjilan.com\/web\/wp-json\/wp\/v2\/media\/56715"}],"wp:attachment":[{"href":"https:\/\/radiostargjilan.com\/web\/wp-json\/wp\/v2\/media?parent=56714"}],"wp:term":[{"taxonomy":"category","embeddable":true,"href":"https:\/\/radiostargjilan.com\/web\/wp-json\/wp\/v2\/categories?post=56714"},{"taxonomy":"post_tag","embeddable":true,"href":"https:\/\/radiostargjilan.com\/web\/wp-json\/wp\/v2\/tags?post=56714"}],"curies":[{"name":"wp","href":"https:\/\/api.w.org\/{rel}","templated":true}]}}