{"id":56800,"date":"2020-05-04T21:04:53","date_gmt":"2020-05-04T21:04:53","guid":{"rendered":"http:\/\/radiostargjilan.com\/web\/?p=56800"},"modified":"2020-05-04T21:04:53","modified_gmt":"2020-05-04T21:04:53","slug":"vjosa-osmani-ngushellon-familjen-musliu","status":"publish","type":"post","link":"https:\/\/radiostargjilan.com\/web\/vjosa-osmani-ngushellon-familjen-musliu\/","title":{"rendered":"Vjosa Osmani ngush\u00ebllon familjen Musliu"},"content":{"rendered":"<p>E dashur familje Musliu,<\/p>\n<p>Lajmin p\u00ebr humbjen e jet\u00ebs s\u00eb m\u00eb t\u00eb dashurit tuaj, Agonit, e ka  pranuar me dhimbje t\u00eb madhe. Prandaj, m\u00eb lejoni q\u00eb si qytetare e k\u00ebtij vendi, si n\u00ebn\u00eb dhe udh\u00ebheq\u00ebse e Kuvendit t\u00eb Kosov\u00ebs, ta ndaj me ju dhimbjen e thell\u00eb p\u00ebr vdekjen e parakohshme t\u00eb tij.<\/p>\n<p>Vdekja e Agonit, n\u00eb lulen e rinis\u00eb, \u00ebsht\u00eb ngjarje e trisht\u00eb, e cila I ka prekur zemra e cdo qytetari t\u00eb vendit dhe e ka pllakosur Kosov\u00ebn n\u00eb zi. Ajo ndodh n\u00eb nj\u00eb koh\u00eb t\u00eb r\u00ebnd\u00eb p\u00ebr t\u00eb gjith\u00eb ne, n\u00eb rrethana t\u00eb pasqaruara plot\u00ebsisht. Un\u00eb shpresoj se organet e drejt\u00ebsis\u00eb do t\u00eb punojn\u00eb n\u00eb zbardhjen e shpejt\u00eb t\u00eb rrethanave t\u00eb k\u00ebsaj vdekjeje tragjike.<\/p>\n<p>Si Kuvend i Kosov\u00ebs ne do t\u00eb mb\u00ebshtesim  \u04abdo nism\u00eb p\u00ebr hetim t\u00eb pavarur e profesional, i cili do ta zbardhte p\u00ebrfundimisht gjith\u00eb \u04abfar\u00eb ka ndodhur me familjarin tuaj pas kthimit t\u00eb tij n\u00eb atdhe.<\/p>\n<p>Dr. Vjosa Osmani, kryetare e Kuvendit\u201d, thuhet n\u00eb telegram.<\/p>\n","protected":false},"excerpt":{"rendered":"<p>E dashur familje Musliu, Lajmin p\u00ebr humbjen e jet\u00ebs s\u00eb m\u00eb t\u00eb dashurit tuaj, Agonit, e ka pranuar me dhimbje t\u00eb madhe. Prandaj, m\u00eb lejoni q\u00eb si qytetare e k\u00ebtij vendi, si n\u00ebn\u00eb dhe udh\u00ebheq\u00ebse e Kuvendit t\u00eb Kosov\u00ebs, ta ndaj me ju dhimbjen e thell\u00eb p\u00ebr vdekjen e parakohshme t\u00eb tij. Vdekja e Agonit, [&hellip;]<\/p>\n","protected":false},"author":1,"featured_media":56801,"comment_status":"closed","ping_status":"closed","sticky":false,"template":"","format":"standard","meta":{"footnotes":""},"categories":[5],"tags":[],"class_list":{"0":"post-56800","1":"post","2":"type-post","3":"status-publish","4":"format-standard","5":"has-post-thumbnail","7":"category-lajme"},"_links":{"self":[{"href":"https:\/\/radiostargjilan.com\/web\/wp-json\/wp\/v2\/posts\/56800","targetHints":{"allow":["GET"]}}],"collection":[{"href":"https:\/\/radiostargjilan.com\/web\/wp-json\/wp\/v2\/posts"}],"about":[{"href":"https:\/\/radiostargjilan.com\/web\/wp-json\/wp\/v2\/types\/post"}],"author":[{"embeddable":true,"href":"https:\/\/radiostargjilan.com\/web\/wp-json\/wp\/v2\/users\/1"}],"replies":[{"embeddable":true,"href":"https:\/\/radiostargjilan.com\/web\/wp-json\/wp\/v2\/comments?post=56800"}],"version-history":[{"count":0,"href":"https:\/\/radiostargjilan.com\/web\/wp-json\/wp\/v2\/posts\/56800\/revisions"}],"wp:featuredmedia":[{"embeddable":true,"href":"https:\/\/radiostargjilan.com\/web\/wp-json\/wp\/v2\/media\/56801"}],"wp:attachment":[{"href":"https:\/\/radiostargjilan.com\/web\/wp-json\/wp\/v2\/media?parent=56800"}],"wp:term":[{"taxonomy":"category","embeddable":true,"href":"https:\/\/radiostargjilan.com\/web\/wp-json\/wp\/v2\/categories?post=56800"},{"taxonomy":"post_tag","embeddable":true,"href":"https:\/\/radiostargjilan.com\/web\/wp-json\/wp\/v2\/tags?post=56800"}],"curies":[{"name":"wp","href":"https:\/\/api.w.org\/{rel}","templated":true}]}}