{"id":56803,"date":"2020-05-05T08:37:42","date_gmt":"2020-05-05T08:37:42","guid":{"rendered":"http:\/\/radiostargjilan.com\/web\/?p=56803"},"modified":"2020-05-05T08:37:42","modified_gmt":"2020-05-05T08:37:42","slug":"ismajli-lajme-te-mira-per-qytetin-tone","status":"publish","type":"post","link":"https:\/\/radiostargjilan.com\/web\/ismajli-lajme-te-mira-per-qytetin-tone\/","title":{"rendered":"Ismajli: Lajme t\u00eb mira p\u00ebr qytetin ton\u00eb"},"content":{"rendered":"<p>T\u00eb dashur qytetar\u00eb,<\/p>\n<p>Po vazhdojn\u00eb lajmet e mira p\u00ebr  vendin ton\u00eb, n\u00eb ve\u00e7anti, p\u00ebr Komun\u00ebn e Gjilanit. Nga rezultatet e publikuara mbr\u00ebm\u00eb nga Instituti Komb\u00ebtar\u00eb i Sh\u00ebndet\u00ebsis\u00eb Publike, nuk kem asnj\u00eb rast pozitiv nga Komuna e Gjilanit, dhe, kemi dy raste t\u00eb cil\u00ebt jan\u00eb n\u00eb rrug\u00eb p\u00ebr tu sh\u00ebruar plot\u00ebsisht me COVID19. <\/p>\n<p>Nga testi i par\u00eb kan\u00eb rezultuar negativ, mbetet t\u2019iu b\u00ebhet edhe ritestimi p\u00ebr ta rikonfirmuar plot\u00ebsisht sh\u00ebrimin e tyre. K\u00ebshtu q\u00eb, kjo \u00ebsht\u00eb dita e tet\u00eb me radh\u00eb n\u00eb nivel vendi, q\u00eb numri i t\u00eb sh\u00ebruarve kalon at\u00eb t\u00eb rasteve t\u00eb reja. Kjo na b\u00ebn\u00eb t\u00eb lumtur dhe m\u00eb t\u00eb p\u00ebrkushtuar n\u00eb luft\u00ebn ton\u00eb t\u00eb p\u00ebrbashk\u00ebt.<\/p>\n<p>Tanim\u00eb, nga 51 t\u00eb prekur nga Komuna e Gjilanit, jan\u00eb sh\u00ebruar plot\u00ebsisht, 29 persona, fatkeq\u00ebsisht, kemi t\u00eb vdekur 2 persona, n\u00eb hospitalizim i kemi 2, dhe, n\u00eb vet\u00eb- izolim jan\u00eb 18 persona. Personat t\u00eb cil\u00ebt jan\u00eb t\u00eb vet\u00eb-izoluar, nuk kan\u00eb asnj\u00eb simptom\u00eb t\u00eb gripit.<br \/>\nKjo nuk do t\u00eb thot\u00eb q\u00eb t\u00eb jemi t\u00eb lir\u00eb plot\u00ebsisht, sepse, akoma nuk ka kaluar rreziku. <\/p>\n<p>Ju lutem, vazhdoni t\u2019i respektoni masat e parapara nga institucionet gjegj\u00ebse. Ruane sh\u00ebndetin tuaj, sepse, pakujdesia kushton. Sa m\u00eb shum\u00eb q\u00ebndroni n\u00eb sht\u00ebpi, sepse, jemi n\u00eb faz\u00ebn finale kur vet\u00eb ne duhet t\u2019iu ndihmojm\u00eb institucioneve p\u00ebr ta tejkaluar sa m\u00eb shpejt\u00eb k\u00ebt\u00eb pandemi.<\/p>\n<p>#bashkeiadalim<\/p>\n","protected":false},"excerpt":{"rendered":"<p>T\u00eb dashur qytetar\u00eb, Po vazhdojn\u00eb lajmet e mira p\u00ebr vendin ton\u00eb, n\u00eb ve\u00e7anti, p\u00ebr Komun\u00ebn e Gjilanit. Nga rezultatet e publikuara mbr\u00ebm\u00eb nga Instituti Komb\u00ebtar\u00eb i Sh\u00ebndet\u00ebsis\u00eb Publike, nuk kem asnj\u00eb rast pozitiv nga Komuna e Gjilanit, dhe, kemi dy raste t\u00eb cil\u00ebt jan\u00eb n\u00eb rrug\u00eb p\u00ebr tu sh\u00ebruar plot\u00ebsisht me COVID19. Nga testi i [&hellip;]<\/p>\n","protected":false},"author":1,"featured_media":56666,"comment_status":"closed","ping_status":"closed","sticky":false,"template":"","format":"standard","meta":{"footnotes":""},"categories":[5],"tags":[],"class_list":{"0":"post-56803","1":"post","2":"type-post","3":"status-publish","4":"format-standard","5":"has-post-thumbnail","7":"category-lajme"},"_links":{"self":[{"href":"https:\/\/radiostargjilan.com\/web\/wp-json\/wp\/v2\/posts\/56803","targetHints":{"allow":["GET"]}}],"collection":[{"href":"https:\/\/radiostargjilan.com\/web\/wp-json\/wp\/v2\/posts"}],"about":[{"href":"https:\/\/radiostargjilan.com\/web\/wp-json\/wp\/v2\/types\/post"}],"author":[{"embeddable":true,"href":"https:\/\/radiostargjilan.com\/web\/wp-json\/wp\/v2\/users\/1"}],"replies":[{"embeddable":true,"href":"https:\/\/radiostargjilan.com\/web\/wp-json\/wp\/v2\/comments?post=56803"}],"version-history":[{"count":0,"href":"https:\/\/radiostargjilan.com\/web\/wp-json\/wp\/v2\/posts\/56803\/revisions"}],"wp:featuredmedia":[{"embeddable":true,"href":"https:\/\/radiostargjilan.com\/web\/wp-json\/wp\/v2\/media\/56666"}],"wp:attachment":[{"href":"https:\/\/radiostargjilan.com\/web\/wp-json\/wp\/v2\/media?parent=56803"}],"wp:term":[{"taxonomy":"category","embeddable":true,"href":"https:\/\/radiostargjilan.com\/web\/wp-json\/wp\/v2\/categories?post=56803"},{"taxonomy":"post_tag","embeddable":true,"href":"https:\/\/radiostargjilan.com\/web\/wp-json\/wp\/v2\/tags?post=56803"}],"curies":[{"name":"wp","href":"https:\/\/api.w.org\/{rel}","templated":true}]}}