{"id":56838,"date":"2020-05-05T14:36:53","date_gmt":"2020-05-05T14:36:53","guid":{"rendered":"http:\/\/radiostargjilan.com\/web\/?p=56838"},"modified":"2020-05-05T14:36:53","modified_gmt":"2020-05-05T14:36:53","slug":"prokuroria-e-gjilanit-po-e-heton-rastin-e-vdekjes-se-preshevarit-mjekesia-ligjore-se-ka-thene-ende-fjalen-e-saj","status":"publish","type":"post","link":"https:\/\/radiostargjilan.com\/web\/prokuroria-e-gjilanit-po-e-heton-rastin-e-vdekjes-se-preshevarit-mjekesia-ligjore-se-ka-thene-ende-fjalen-e-saj\/","title":{"rendered":"Prokuroria e Gjilanit po e heton rastin e vdekjes s\u00eb preshevarit, mjek\u00ebsia ligjore s\u2019e ka th\u00ebn\u00eb ende fjal\u00ebn e saj"},"content":{"rendered":"<p>Dje \u00ebsht\u00eb gjetur i vdekur Besnik Osmani, i zhdukur para 42 dit\u00ebve n\u00eb fshatrat kufitare t\u00eb Gjilanit, n\u00eb kufirin mes Kosov\u00ebs me Serbis\u00eb. Kryeprokurori i Prokuroris\u00eb Themelore t\u00eb Gjilanit, Jetish Maloku, tha p\u00ebr Gazet\u00ebn Express se rasti tani \u00ebsht\u00eb duke u hetuar si vdekje e dyshimt\u00eb. Ai tha po ashtu se kur \u00ebsht\u00eb gjetur trupi i viktim\u00ebs ka qen\u00eb i dekompozuar n\u00eb nj\u00eb mas\u00eb t\u00eb madhe.<\/p>\n<p>Me dat\u00eb 24 mars, Besnik Osmani kishte provuar t\u00eb kaloj\u00eb kufirin mes Kosov\u00ebs dhe Serbis\u00eb n\u00eb pik\u00ebkalimin kufitar t\u00eb Mu\u00e7ibab\u00ebs p\u00ebr t\u00eb vazhduar n\u00eb Preshev\u00eb.<\/p>\n<p>I ndjeri ishte kthyer prapa p\u00ebr arsye t\u00eb masave t\u00eb nd\u00ebrmarra p\u00ebr mbylljen e kufijve si pasoj\u00eb e pandemis\u00eb Covid-19.<\/p>\n<p>Ai kishte tentuar q\u00eb p\u00ebrmes rrug\u00ebve malore t\u00eb mb\u00ebrrij\u00eb n\u00eb Preshev\u00eb, por nuk kishte arritur. Vetura e viktim\u00ebs u gjet n\u00eb fshatin Mu\u00e7ibab\u00eb t\u00eb nj\u00ebjt\u00ebn dit\u00eb q\u00eb u shpall i zhdukur.<\/p>\n<p>Viktima kishte pasur me vete nj\u00eb shum\u00eb parash me t\u00eb cilat do t\u2019i paguante pun\u00ebtor\u00ebt e tij pasi punonte si kontabilist.<\/p>\n<p>Trupi i Bekim Osmanit u gjet dje n\u00eb mes t\u00eb fshatrave Llovc\u00eb dhe Burinc\u00eb pran\u00eb lumit Llapushnic\u00eb n\u00eb brezin kufitar Kosov\u00eb-Serbi q\u00eb lidh Gjilanin me Preshev\u00ebn.<\/p>\n<p>Kryeprokurori i Prokuroris\u00eb Themelore t\u00eb Gjilanit, Jetish Maloku, tha se rasti i zhdukjes s\u00eb Besnik Osmanit ka qen\u00eb duke u hetuar nga Prokuroria Themelore e Prishtin\u00ebs, nd\u00ebrkaq tani hetimet do t\u2019i vazhdoj\u00eb Prokuroria Themelore n\u00eb Gjilan.<\/p>\n<p>\u201cDeri tani e ka pasur rastin Prokuroria Themelore e Prishtin\u00ebs, t\u00eb cil\u00ebt e kan\u00eb hetuar, ata do t\u00eb na dor\u00ebzojn\u00eb rastin. Nj\u00ebher\u00eb jemi duke b\u00ebr\u00eb hetime, kufom\u00ebn e kemi d\u00ebrguar n\u00eb obduksion, dhe ta shohim se a ka pasur shenja dhune se si po e vler\u00ebson Instituti i Mjek\u00ebsis\u00eb Ligjore\u201d, i tha Maloku Gazet\u00ebs Express t\u00eb mart\u00ebn.<\/p>\n<p>Ai ka konfirmuar se trupi i pajet\u00eb i Besnik Osmani i gjetur dje ka qen\u00eb i djegur n\u00eb mas\u00eb t\u00eb madhe.<\/p>\n<p>\u201cPo, trupi i tij ka qen\u00eb bukur shum\u00eb i dekompozuar\u201d, tha Maloku.<\/p>\n<p>Trupi i viktim\u00ebs dje \u00ebsht\u00eb d\u00ebrguar p\u00ebr obduksion n\u00eb Institutin e Mjek\u00ebsis\u00eb Ligjore, por ende nuk ka ndonj\u00eb raport p\u00ebr kufom\u00ebn.<\/p>\n<p>P\u00ebrmes nj\u00eb komunikate, Prokuroria Themelore e Gjilanit, Departamenti p\u00ebr Krime t\u00eb R\u00ebnda ka njoftuar se trupi i gjetur pa shenja jete n\u00eb baz\u00eb t\u00eb dokumenteve t\u00eb identifikimit rezulton se b\u00ebhet fjal\u00eb p\u00ebr Besnik Osmanin (1978) p\u00ebr t\u00eb cilin familjar\u00ebt e kishin raportuar si person i humbur nga data 24 mars 2020.<\/p>\n<p>Familjar\u00ebt e kan\u00eb identifikuar kufom\u00ebn e t\u00eb ndjerit Bekim Osmani t\u00eb gjetur dje. \/GazetaExpress\/<\/p>\n","protected":false},"excerpt":{"rendered":"<p>Dje \u00ebsht\u00eb gjetur i vdekur Besnik Osmani, i zhdukur para 42 dit\u00ebve n\u00eb fshatrat kufitare t\u00eb Gjilanit, n\u00eb kufirin mes Kosov\u00ebs me Serbis\u00eb. Kryeprokurori i Prokuroris\u00eb Themelore t\u00eb Gjilanit, Jetish Maloku, tha p\u00ebr Gazet\u00ebn Express se rasti tani \u00ebsht\u00eb duke u hetuar si vdekje e dyshimt\u00eb. Ai tha po ashtu se kur \u00ebsht\u00eb gjetur trupi [&hellip;]<\/p>\n","protected":false},"author":1,"featured_media":56783,"comment_status":"closed","ping_status":"closed","sticky":false,"template":"","format":"standard","meta":{"footnotes":""},"categories":[5],"tags":[],"class_list":{"0":"post-56838","1":"post","2":"type-post","3":"status-publish","4":"format-standard","5":"has-post-thumbnail","7":"category-lajme"},"_links":{"self":[{"href":"https:\/\/radiostargjilan.com\/web\/wp-json\/wp\/v2\/posts\/56838","targetHints":{"allow":["GET"]}}],"collection":[{"href":"https:\/\/radiostargjilan.com\/web\/wp-json\/wp\/v2\/posts"}],"about":[{"href":"https:\/\/radiostargjilan.com\/web\/wp-json\/wp\/v2\/types\/post"}],"author":[{"embeddable":true,"href":"https:\/\/radiostargjilan.com\/web\/wp-json\/wp\/v2\/users\/1"}],"replies":[{"embeddable":true,"href":"https:\/\/radiostargjilan.com\/web\/wp-json\/wp\/v2\/comments?post=56838"}],"version-history":[{"count":0,"href":"https:\/\/radiostargjilan.com\/web\/wp-json\/wp\/v2\/posts\/56838\/revisions"}],"wp:featuredmedia":[{"embeddable":true,"href":"https:\/\/radiostargjilan.com\/web\/wp-json\/wp\/v2\/media\/56783"}],"wp:attachment":[{"href":"https:\/\/radiostargjilan.com\/web\/wp-json\/wp\/v2\/media?parent=56838"}],"wp:term":[{"taxonomy":"category","embeddable":true,"href":"https:\/\/radiostargjilan.com\/web\/wp-json\/wp\/v2\/categories?post=56838"},{"taxonomy":"post_tag","embeddable":true,"href":"https:\/\/radiostargjilan.com\/web\/wp-json\/wp\/v2\/tags?post=56838"}],"curies":[{"name":"wp","href":"https:\/\/api.w.org\/{rel}","templated":true}]}}