{"id":58864,"date":"2020-06-07T11:45:40","date_gmt":"2020-06-07T11:45:40","guid":{"rendered":"http:\/\/radiostargjilan.com\/web\/?p=58864"},"modified":"2020-06-07T11:45:40","modified_gmt":"2020-06-07T11:45:40","slug":"haziri-serish-kerkon-bashkengjitjen-e-lugines-ne-kosove","status":"publish","type":"post","link":"https:\/\/radiostargjilan.com\/web\/haziri-serish-kerkon-bashkengjitjen-e-lugines-ne-kosove\/","title":{"rendered":"Haziri s\u00ebrish k\u00ebrkon bashk\u00ebngjitjen e Lugin\u00ebs n\u00eb Kosov\u00eb"},"content":{"rendered":"<p>Kryetari i komun\u00ebs s\u00eb Gjilanit, Lutfi Haziri, po vazhdon t\u00eb k\u00ebrkoj\u00eb bashkimin e Lugin\u00ebs s\u00eb Preshev\u00ebs me Kosov\u00ebn.<\/p>\n<p>Haziri k\u00ebt\u00eb e tha edhe sot p\u00ebrmes nj\u00eb postimi n\u00eb Facebook, ku tha se \u201cka ardh koha q\u00eb shqiptar\u00ebt e Lugin\u00ebs\u201d t\u00eb bashkohen me atdheun e tyre.<\/p>\n<p>\u201cVazhdoj me besu q\u00eb ka ardh\u00eb koha q\u00eb shqiptar\u00ebt e Kosov\u00ebs Lindore t\u2019i bashkohen atdheut t\u00eb tyre. N\u00eb em\u00ebr t\u00eb Zotit, Familjes e Atdheut, Kosova po b\u00ebhet\u201d, ka theksuar Haziri n\u00eb postimin e tij.<\/p>\n<p>Kreu i komun\u00ebs s\u00eb Gjilanit, k\u00ebt\u00eb d\u00ebshir\u00eb e ka shfaqur teksa ka kujtuar Rezolut\u00ebn p\u00ebr t\u00eb drejtat e shqiptar\u00ebve n\u00eb Preshev\u00eb.<\/p>\n<p>Ai \u00ebsht\u00eb shprehur krenar q\u00eb ishte sponzorizuesi i k\u00ebsaj Rezolute, 7 vjet m\u00eb par\u00eb, dhe q\u00eb tha se mori p\u00ebrkrahjen e shumic\u00ebs d\u00ebrmuese t\u00eb deputet\u00ebve t\u00eb Kuvendit t\u00eb Kosov\u00ebs.<\/p>\n<p>Por, ai shprehu keqardhje p\u00ebr mosrealizimin e t\u00eb gjitha pikave t\u00eb k\u00ebsaj Rezolute.<\/p>\n<p>\u201cM\u00eb vjen keq q\u00eb vet\u00ebm dy nga pikat e k\u00ebsaj Rezolute u implemetuan nga institucionet kosovare. I b\u00ebj thirrje k\u00ebsaj Qeverie q\u00eb t\u2019i kryej detyrat q\u00eb burojn\u00eb nga kjo Rezolut\u00eb sepse Kuvendi \u00ebsht\u00eb bart\u00ebs i saj\u201d, theksoi Lutfi Haziri.<\/p>\n<p>N\u00ebnkryetari i LDK-s\u00eb, Lutfi Haziri, edhe m\u00eb par\u00eb ka k\u00ebrkuar q\u00eb Lugina t\u2019i bashkohet Kosov\u00ebs, n\u00eb koh\u00ebn kur diskutimet p\u00ebr shk\u00ebmbim territoresh mes Kosov\u00ebs dhe Serbis\u00eb ishin t\u00eb shpeshta. \/Z\u00ebri<\/p>\n","protected":false},"excerpt":{"rendered":"<p>Kryetari i komun\u00ebs s\u00eb Gjilanit, Lutfi Haziri, po vazhdon t\u00eb k\u00ebrkoj\u00eb bashkimin e Lugin\u00ebs s\u00eb Preshev\u00ebs me Kosov\u00ebn. Haziri k\u00ebt\u00eb e tha edhe sot p\u00ebrmes nj\u00eb postimi n\u00eb Facebook, ku tha se \u201cka ardh koha q\u00eb shqiptar\u00ebt e Lugin\u00ebs\u201d t\u00eb bashkohen me atdheun e tyre. \u201cVazhdoj me besu q\u00eb ka ardh\u00eb koha q\u00eb shqiptar\u00ebt e [&hellip;]<\/p>\n","protected":false},"author":1,"featured_media":58827,"comment_status":"closed","ping_status":"closed","sticky":false,"template":"","format":"standard","meta":{"footnotes":""},"categories":[5],"tags":[],"class_list":{"0":"post-58864","1":"post","2":"type-post","3":"status-publish","4":"format-standard","5":"has-post-thumbnail","7":"category-lajme"},"_links":{"self":[{"href":"https:\/\/radiostargjilan.com\/web\/wp-json\/wp\/v2\/posts\/58864","targetHints":{"allow":["GET"]}}],"collection":[{"href":"https:\/\/radiostargjilan.com\/web\/wp-json\/wp\/v2\/posts"}],"about":[{"href":"https:\/\/radiostargjilan.com\/web\/wp-json\/wp\/v2\/types\/post"}],"author":[{"embeddable":true,"href":"https:\/\/radiostargjilan.com\/web\/wp-json\/wp\/v2\/users\/1"}],"replies":[{"embeddable":true,"href":"https:\/\/radiostargjilan.com\/web\/wp-json\/wp\/v2\/comments?post=58864"}],"version-history":[{"count":0,"href":"https:\/\/radiostargjilan.com\/web\/wp-json\/wp\/v2\/posts\/58864\/revisions"}],"wp:featuredmedia":[{"embeddable":true,"href":"https:\/\/radiostargjilan.com\/web\/wp-json\/wp\/v2\/media\/58827"}],"wp:attachment":[{"href":"https:\/\/radiostargjilan.com\/web\/wp-json\/wp\/v2\/media?parent=58864"}],"wp:term":[{"taxonomy":"category","embeddable":true,"href":"https:\/\/radiostargjilan.com\/web\/wp-json\/wp\/v2\/categories?post=58864"},{"taxonomy":"post_tag","embeddable":true,"href":"https:\/\/radiostargjilan.com\/web\/wp-json\/wp\/v2\/tags?post=58864"}],"curies":[{"name":"wp","href":"https:\/\/api.w.org\/{rel}","templated":true}]}}