{"id":58978,"date":"2020-06-08T19:15:39","date_gmt":"2020-06-08T19:15:39","guid":{"rendered":"http:\/\/radiostargjilan.com\/web\/?p=58978"},"modified":"2020-06-08T19:15:39","modified_gmt":"2020-06-08T19:15:39","slug":"obsh-me-lajme-jo-te-mira-rreth-koronavirusitvetem-te-dielen-mbi-136mije-raste","status":"publish","type":"post","link":"https:\/\/radiostargjilan.com\/web\/obsh-me-lajme-jo-te-mira-rreth-koronavirusitvetem-te-dielen-mbi-136mije-raste\/","title":{"rendered":"OBSH me lajme jo t\u00eb mira rreth koronavirusit,vet\u00ebm t\u00eb diel\u00ebn mbi 136mij\u00eb raste"},"content":{"rendered":"<p>Drejtori Gjeneral i Organizat\u00ebs Bot\u00ebrore t\u00eb Sh\u00ebndetit, Tedros Adhanom Ghebreyesus, ka b\u00ebr\u00eb t\u00eb ditur se sot ka m\u00eb s\u00eb shumti raste t\u00eb konfirmuara me Covid-19 n\u00eb nivel global.<\/p>\n<p>Ai ka b\u00ebr\u00eb t\u00eb ditur se t\u00eb diel\u00ebn jan\u00eb konfirmuar m\u00eb shum\u00eb se 136 mij\u00eb raste pozitive me Covid-19 n\u00eb t\u00eb gjith\u00eb bot\u00ebn.<\/p>\n<p>\u201cEdhe pse situata n\u00eb Europ\u00eb po p\u00ebrmir\u00ebsohet, globalisht po p\u00ebrkeq\u00ebsohet\u201d, ka th\u00ebn\u00eb drejtori i OBSH-s\u00eb n\u00eb nj\u00eb konferenc\u00eb p\u00ebr medie.<\/p>\n<p>E diela ishte edhe zyrtarisht dita me m\u00eb s\u00eb shumti raste t\u00eb konfirmuara prej fillimit t\u00eb pandemis\u00eb.\/Insajderi.org<\/p>\n","protected":false},"excerpt":{"rendered":"<p>Drejtori Gjeneral i Organizat\u00ebs Bot\u00ebrore t\u00eb Sh\u00ebndetit, Tedros Adhanom Ghebreyesus, ka b\u00ebr\u00eb t\u00eb ditur se sot ka m\u00eb s\u00eb shumti raste t\u00eb konfirmuara me Covid-19 n\u00eb nivel global. Ai ka b\u00ebr\u00eb t\u00eb ditur se t\u00eb diel\u00ebn jan\u00eb konfirmuar m\u00eb shum\u00eb se 136 mij\u00eb raste pozitive me Covid-19 n\u00eb t\u00eb gjith\u00eb bot\u00ebn. \u201cEdhe pse situata n\u00eb [&hellip;]<\/p>\n","protected":false},"author":1,"featured_media":58979,"comment_status":"closed","ping_status":"closed","sticky":false,"template":"","format":"standard","meta":{"footnotes":""},"categories":[5],"tags":[],"class_list":{"0":"post-58978","1":"post","2":"type-post","3":"status-publish","4":"format-standard","5":"has-post-thumbnail","7":"category-lajme"},"_links":{"self":[{"href":"https:\/\/radiostargjilan.com\/web\/wp-json\/wp\/v2\/posts\/58978","targetHints":{"allow":["GET"]}}],"collection":[{"href":"https:\/\/radiostargjilan.com\/web\/wp-json\/wp\/v2\/posts"}],"about":[{"href":"https:\/\/radiostargjilan.com\/web\/wp-json\/wp\/v2\/types\/post"}],"author":[{"embeddable":true,"href":"https:\/\/radiostargjilan.com\/web\/wp-json\/wp\/v2\/users\/1"}],"replies":[{"embeddable":true,"href":"https:\/\/radiostargjilan.com\/web\/wp-json\/wp\/v2\/comments?post=58978"}],"version-history":[{"count":0,"href":"https:\/\/radiostargjilan.com\/web\/wp-json\/wp\/v2\/posts\/58978\/revisions"}],"wp:featuredmedia":[{"embeddable":true,"href":"https:\/\/radiostargjilan.com\/web\/wp-json\/wp\/v2\/media\/58979"}],"wp:attachment":[{"href":"https:\/\/radiostargjilan.com\/web\/wp-json\/wp\/v2\/media?parent=58978"}],"wp:term":[{"taxonomy":"category","embeddable":true,"href":"https:\/\/radiostargjilan.com\/web\/wp-json\/wp\/v2\/categories?post=58978"},{"taxonomy":"post_tag","embeddable":true,"href":"https:\/\/radiostargjilan.com\/web\/wp-json\/wp\/v2\/tags?post=58978"}],"curies":[{"name":"wp","href":"https:\/\/api.w.org\/{rel}","templated":true}]}}