{"id":59352,"date":"2020-06-12T16:13:40","date_gmt":"2020-06-12T16:13:40","guid":{"rendered":"https:\/\/radiostargjilan.com\/web\/?p=59352"},"modified":"2020-06-12T16:13:40","modified_gmt":"2020-06-12T16:13:40","slug":"ulja-e-kerkesave-per-azil-nga-kosovaret-ne-be-eshte-faktor-i-rendesishem-per-liberalizimin-e-vizave","status":"publish","type":"post","link":"https:\/\/radiostargjilan.com\/web\/ulja-e-kerkesave-per-azil-nga-kosovaret-ne-be-eshte-faktor-i-rendesishem-per-liberalizimin-e-vizave\/","title":{"rendered":"Ulja e k\u00ebrkesave p\u00ebr azil nga kosovar\u00ebt n\u00eb BE \u00ebsht\u00eb faktor i r\u00ebnd\u00ebsish\u00ebm p\u00ebr liberalizimin e vizave"},"content":{"rendered":"<p>Disa vite m\u00eb par\u00eb kishte nj\u00eb trend gjithnj\u00eb n\u00eb rritje t\u00eb k\u00ebrkesave p\u00ebr azil, trend i cili kaploi edhe Republik\u00ebn e Kosov\u00ebs.<\/p>\n<p>Madje n\u00eb vitin 2015 nga Kosova u larguan rreth 75 mij\u00eb qytetar\u00eb, shumica e t\u00eb cil\u00ebve kaluan kufirin n\u00eb m\u00ebnyr\u00eb t\u00eb jasht\u00ebligjshme dhe shkuan kryesisht n\u00ebp\u00ebr vendet e Bashkimit Evropian.<\/p>\n<p>Instituti EPIK k\u00ebtyre dit\u00ebve ka publikuar nj\u00eb raport rreth trend\u00ebve t\u00eb fundit n\u00eb lidhje me numrin e k\u00ebrkesave t\u00eb azilit n\u00eb Bashkimin  Evropian nga vendet e Ballkanit Per\u00ebndimor. Sipas k\u00ebtij instituti, n\u00eb vitin 2019 n\u00eb BE jan\u00eb regjistruar gjithsej 31,030 azilk\u00ebrkues nga Ballkani Per\u00ebndimor.<\/p>\n<p>Instituti EPIK tregon se p\u00ebr dallim nga vitet e m\u00ebparshme, Kosova n\u00eb vitin e fundit ka pasur r\u00ebnie t\u00eb azilk\u00ebrkuesve dhe q\u00eb tri vendet e BE-s\u00eb t\u00eb cilat kan\u00eb pranuar numrin m\u00eb t\u00eb madh t\u00eb k\u00ebrkesave p\u00ebr azil jan\u00eb Franca, Gjermania dhe Suedia.<\/p>\n<p>\u201cSa i p\u00ebrket Kosov\u00ebs, n\u00eb vitin 2019 n\u00eb BE jan\u00eb regjistruar gjithsej 2,355 azilk\u00ebrkuesit. Ky \u00ebsht\u00eb niveli m\u00eb i ult\u00eb historik i azilk\u00ebrkuesve nga Kosova. Tri vende t\u00eb BE-s\u00eb t\u00eb cilat kan\u00eb pranuar numrin m\u00eb t\u00eb madh t\u00eb k\u00ebrkesave p\u00ebr azil nga Kosova jan\u00eb: Franca (1,510), Gjermania (415) dhe Suedia (120)\u201d, njofton EPIK.<\/p>\n<p>N\u00eb nj\u00eb prononcim p\u00ebr Agjencin\u00eb e Lajmeve FaktePlus, drejtori Ekzekutiv i Institutit EPIK, Demush Shasha, ka th\u00ebn\u00eb se arsyeja e r\u00ebnies s\u00eb azilk\u00ebrkuesve \u00ebsht\u00eb vet\u00ebdijesimi i vazhduesh\u00ebm i qytetar\u00ebve p\u00ebr mund\u00ebsit\u00eb e kufizuara p\u00ebr azilk\u00ebrkim t\u00eb suksessh\u00ebm.<\/p>\n<p>\u201cArsyeja e r\u00ebnies \u00ebsht\u00eb vet\u00ebdijesimi i vazhduesh\u00ebm i qytetar\u00ebve p\u00ebr mund\u00ebsit\u00eb e limituara p\u00ebr azilk\u00ebrkim t\u00eb suksessh\u00ebm\u201d, ka th\u00ebn\u00eb.<\/p>\n<p>Ky institut gjithashtu thekson se t\u00eb gjitha vendet e Ballkanit Per\u00ebndimor kan\u00eb pasur r\u00ebnie n\u00eb numrin e k\u00ebrkesave p\u00ebr azil n\u00eb shtetet e Bashkimit Evropian, p\u00ebrve\u00e7 Shqip\u00ebris\u00eb, e cila ka dyfishuar numrin e azilk\u00ebrkuesve.<\/p>\n<p>N\u00eb vitin 2019 n\u00eb BE jan\u00eb regjistruar gjithsej 20.500 azilk\u00ebrkues nga Shqip\u00ebria. Kjo sipas EPIK-ut \u00ebsht\u00eb sa numri i azilk\u00ebrkuesve nga i gjith\u00eb rajoni \u2013 i shum\u00ebzuar me dy.<\/p>\n<p>Nd\u00ebrkaq statistikat tregojn\u00eb se nga viti 2009-2019 jan\u00eb regjistruar gjithsej 595,965 k\u00ebrkesa p\u00ebr azil n\u00eb BE nga vendet qytetar\u00ebt e vendeve t\u00eb Ballkanit Per\u00ebndimor. \u201cShqip\u00ebria \u00ebsht\u00eb vendi me numrin m\u00eb t\u00eb madh t\u00eb azilk\u00ebrkuesve prej 196,405, nd\u00ebrsa Mali i Zi me numrin m\u00eb t\u00eb vog\u00ebl prej 10,665\u201d, thuhet n\u00eb publikimin e  EPIK.<\/p>\n<p>Shasha thot\u00eb q\u00eb rritja e numrit t\u00eb azilk\u00ebrkuesve nga Shqip\u00ebria ka ndodhur p\u00ebr shkak t\u00eb gjendjes politike dhe ekonomike.<\/p>\n<p>\u201cShqip\u00ebria \u00ebsht\u00eb rast i ve\u00e7ant\u00eb pasi historikisht ka pasur fluks m\u00eb t\u00eb madh t\u00eb azilk\u00ebrkuesve sesa vendet e tjera t\u00eb rajonit. Arsyet jan\u00eb t\u00eb lidhura kryesisht me gjendjen politike dhe ekonomike n\u00eb vend\u201d, sqaroi Shasha.<\/p>\n<p>Nd\u00ebrsa r\u00ebnien e azilk\u00ebrkuesve nga Kosova, Shasha e vler\u00ebson si pozitive dhe si faktor q\u00eb merret parasysh gjat\u00eb procesit t\u00eb liberalizimit t\u00eb vizave.<\/p>\n<p>\u201cR\u00ebnia e azilk\u00ebrkuesve nga Kosova \u00ebsht\u00eb gj\u00eb pozitive pasi \u00ebsht\u00eb nj\u00eb element i r\u00ebnd\u00ebsish\u00ebm q\u00eb merret parasysh gjat\u00eb procesit t\u00eb liberalizimit t\u00eb vizave\u201d, ka th\u00ebn\u00eb Shasha.<\/p>\n<p>L\u00ebvizja e lir\u00eb e qytetar\u00ebve t\u00eb Kosov\u00ebs n\u00eb zon\u00ebn Schengen ose si\u00e7 njihet si liberalizmi i vizave, n\u00eb diskursin e politik\u00ebs brenda dhe jasht\u00eb vendit, ka nisur q\u00eb nga viti 2010.<\/p>\n<p>Mir\u00ebpo Kosova mbetet ende vendi i vet\u00ebm n\u00eb Ballkanin Per\u00ebndimor q\u00eb qytetar\u00ebt e saj nuk mund t\u00eb l\u00ebvizin lirsh\u00ebm.<\/p>\n<p>P\u00ebrderisa Komisioni Evropian dhe Parlamenti Evropian kan\u00eb dh\u00ebn\u00eb drit\u00ebn e gjelb\u00ebr p\u00ebr liberalizimin e vizave p\u00ebr Kosov\u00ebn, K\u00ebshilli i Ministrave i BE-s\u00eb ende nuk e ka b\u00ebr\u00eb k\u00ebt\u00eb.<\/p>\n<p>Vonesat kan\u00eb ardhur pasi disa nga vendet an\u00ebtare t\u00eb BE-s\u00eb konsiderojn\u00eb se Kosova nuk e ka p\u00ebrmbushur kriterin e luft\u00ebs kund\u00ebr korrupsionit dhe krimit t\u00eb organizuar t\u00eb nivelit t\u00eb lart\u00eb. \/Reporteri.net\/<\/p>\n","protected":false},"excerpt":{"rendered":"<p>Disa vite m\u00eb par\u00eb kishte nj\u00eb trend gjithnj\u00eb n\u00eb rritje t\u00eb k\u00ebrkesave p\u00ebr azil, trend i cili kaploi edhe Republik\u00ebn e Kosov\u00ebs. Madje n\u00eb vitin 2015 nga Kosova u larguan rreth 75 mij\u00eb qytetar\u00eb, shumica e t\u00eb cil\u00ebve kaluan kufirin n\u00eb m\u00ebnyr\u00eb t\u00eb jasht\u00ebligjshme dhe shkuan kryesisht n\u00ebp\u00ebr vendet e Bashkimit Evropian. Instituti EPIK k\u00ebtyre [&hellip;]<\/p>\n","protected":false},"author":1,"featured_media":59353,"comment_status":"closed","ping_status":"closed","sticky":false,"template":"","format":"standard","meta":{"footnotes":""},"categories":[5],"tags":[],"class_list":{"0":"post-59352","1":"post","2":"type-post","3":"status-publish","4":"format-standard","5":"has-post-thumbnail","7":"category-lajme"},"_links":{"self":[{"href":"https:\/\/radiostargjilan.com\/web\/wp-json\/wp\/v2\/posts\/59352","targetHints":{"allow":["GET"]}}],"collection":[{"href":"https:\/\/radiostargjilan.com\/web\/wp-json\/wp\/v2\/posts"}],"about":[{"href":"https:\/\/radiostargjilan.com\/web\/wp-json\/wp\/v2\/types\/post"}],"author":[{"embeddable":true,"href":"https:\/\/radiostargjilan.com\/web\/wp-json\/wp\/v2\/users\/1"}],"replies":[{"embeddable":true,"href":"https:\/\/radiostargjilan.com\/web\/wp-json\/wp\/v2\/comments?post=59352"}],"version-history":[{"count":0,"href":"https:\/\/radiostargjilan.com\/web\/wp-json\/wp\/v2\/posts\/59352\/revisions"}],"wp:featuredmedia":[{"embeddable":true,"href":"https:\/\/radiostargjilan.com\/web\/wp-json\/wp\/v2\/media\/59353"}],"wp:attachment":[{"href":"https:\/\/radiostargjilan.com\/web\/wp-json\/wp\/v2\/media?parent=59352"}],"wp:term":[{"taxonomy":"category","embeddable":true,"href":"https:\/\/radiostargjilan.com\/web\/wp-json\/wp\/v2\/categories?post=59352"},{"taxonomy":"post_tag","embeddable":true,"href":"https:\/\/radiostargjilan.com\/web\/wp-json\/wp\/v2\/tags?post=59352"}],"curies":[{"name":"wp","href":"https:\/\/api.w.org\/{rel}","templated":true}]}}