{"id":59599,"date":"2020-06-15T10:50:41","date_gmt":"2020-06-15T10:50:41","guid":{"rendered":"https:\/\/radiostargjilan.com\/web\/?p=59599"},"modified":"2020-06-15T10:50:41","modified_gmt":"2020-06-15T10:50:41","slug":"kadriu-21-vjet-nga-dita-e-clirimit-te-gjilanit","status":"publish","type":"post","link":"https:\/\/radiostargjilan.com\/web\/kadriu-21-vjet-nga-dita-e-clirimit-te-gjilanit\/","title":{"rendered":"Kadriu: 21 vjet nga dita e \u00e7lirimit t\u00eb Gjilanit"},"content":{"rendered":"<p>Sot, n\u00eb 21 vjetorin e \u00e7lirimit t\u00eb Gjilanit, b\u00ebm\u00eb homazhe tek varrezat e d\u00ebshmor\u00ebve n\u00eb Gjilan. Liria e Kosov\u00ebs \u00ebsht\u00eb rezultat i sakrific\u00ebs e trim\u00ebris\u00eb s\u00eb martir\u00ebve, heronj\u00ebve dhe d\u00ebshmor\u00ebve t\u00eb kombit t\u00eb r\u00ebn\u00eb n\u00eb t\u00eb gjitha etapat e historis\u00eb komb\u00ebtare. <\/p>\n<p>Gjilani para 21 viteve nis t\u00eb frymoj lirsh\u00ebm, duke qen\u00eb fal\u00ebnderues e mir\u00ebnjoh\u00ebs p\u00ebrgjithmon\u00eb edhe aleat\u00ebve tan\u00eb si NATO t\u00eb udh\u00ebhequr nga ShBA-t. P\u00ebr dallim nga qytetet tjera, Gjilani m\u00eb s\u00eb miri e di \u00e7far\u00eb do t\u00eb thot\u00eb ta kesh brenda sigurin\u00eb amerikane, sepse ata ishin mes nesh, p\u00ebr rreth nesh, ishin siguria q\u00eb na kishte munguar me shekuj. <\/p>\n<p>Pas 21 viteve, jemi nd\u00ebrtuar si shoq\u00ebri e shtet. Populli yn\u00eb sot aspiron t\u00eb jet\u00eb pjes\u00eb e familjeve t\u00eb m\u00ebdha t\u00eb kombeve, pjes\u00eb e organizatave t\u00eb m\u00ebdha bot\u00ebrore. Rruga deri k\u00ebtu nuk ishte e leht\u00eb, por kemi ende shum\u00eb pun\u00eb p\u00ebr ta p\u00ebrmbyllur amanetin e atyre vajzave e djemve q\u00eb na e mund\u00ebsuan lirin\u00eb.<\/p>\n<p>Urime dita e \u00e7lirimit Gjilan!<\/p>\n","protected":false},"excerpt":{"rendered":"<p>Sot, n\u00eb 21 vjetorin e \u00e7lirimit t\u00eb Gjilanit, b\u00ebm\u00eb homazhe tek varrezat e d\u00ebshmor\u00ebve n\u00eb Gjilan. Liria e Kosov\u00ebs \u00ebsht\u00eb rezultat i sakrific\u00ebs e trim\u00ebris\u00eb s\u00eb martir\u00ebve, heronj\u00ebve dhe d\u00ebshmor\u00ebve t\u00eb kombit t\u00eb r\u00ebn\u00eb n\u00eb t\u00eb gjitha etapat e historis\u00eb komb\u00ebtare. Gjilani para 21 viteve nis t\u00eb frymoj lirsh\u00ebm, duke qen\u00eb fal\u00ebnderues e mir\u00ebnjoh\u00ebs p\u00ebrgjithmon\u00eb [&hellip;]<\/p>\n","protected":false},"author":1,"featured_media":59595,"comment_status":"closed","ping_status":"closed","sticky":false,"template":"","format":"standard","meta":{"footnotes":""},"categories":[5],"tags":[],"class_list":{"0":"post-59599","1":"post","2":"type-post","3":"status-publish","4":"format-standard","5":"has-post-thumbnail","7":"category-lajme"},"_links":{"self":[{"href":"https:\/\/radiostargjilan.com\/web\/wp-json\/wp\/v2\/posts\/59599","targetHints":{"allow":["GET"]}}],"collection":[{"href":"https:\/\/radiostargjilan.com\/web\/wp-json\/wp\/v2\/posts"}],"about":[{"href":"https:\/\/radiostargjilan.com\/web\/wp-json\/wp\/v2\/types\/post"}],"author":[{"embeddable":true,"href":"https:\/\/radiostargjilan.com\/web\/wp-json\/wp\/v2\/users\/1"}],"replies":[{"embeddable":true,"href":"https:\/\/radiostargjilan.com\/web\/wp-json\/wp\/v2\/comments?post=59599"}],"version-history":[{"count":0,"href":"https:\/\/radiostargjilan.com\/web\/wp-json\/wp\/v2\/posts\/59599\/revisions"}],"wp:featuredmedia":[{"embeddable":true,"href":"https:\/\/radiostargjilan.com\/web\/wp-json\/wp\/v2\/media\/59595"}],"wp:attachment":[{"href":"https:\/\/radiostargjilan.com\/web\/wp-json\/wp\/v2\/media?parent=59599"}],"wp:term":[{"taxonomy":"category","embeddable":true,"href":"https:\/\/radiostargjilan.com\/web\/wp-json\/wp\/v2\/categories?post=59599"},{"taxonomy":"post_tag","embeddable":true,"href":"https:\/\/radiostargjilan.com\/web\/wp-json\/wp\/v2\/tags?post=59599"}],"curies":[{"name":"wp","href":"https:\/\/api.w.org\/{rel}","templated":true}]}}