{"id":59667,"date":"2020-06-16T07:04:00","date_gmt":"2020-06-16T07:04:00","guid":{"rendered":"https:\/\/radiostargjilan.com\/web\/?p=59667"},"modified":"2020-06-16T07:04:00","modified_gmt":"2020-06-16T07:04:00","slug":"paralajmerimi-i-zemajt-per-shkak-te-protestes-se-vv-se-do-te-rriten-rastet-me-coronavirus","status":"publish","type":"post","link":"https:\/\/radiostargjilan.com\/web\/paralajmerimi-i-zemajt-per-shkak-te-protestes-se-vv-se-do-te-rriten-rastet-me-coronavirus\/","title":{"rendered":"Paralajm\u00ebrimi i Zemajt: P\u00ebr shkak t\u00eb protest\u00ebs s\u00eb VV-s\u00eb, do t\u00eb rriten rastet me Coronavirus"},"content":{"rendered":"<p>Ministri i Sh\u00ebndet\u00ebsis\u00eb, Armend Zemaj, \u00ebsht\u00eb shprehur kund\u00ebr rikthimit t\u00eb masave kufizuese.Ai ka theksuar se virusi u p\u00ebrhap edhe nga protesta e Vet\u00ebvendosjes.<\/p>\n<p>Madje, ai ka paralajm\u00ebruar shtim t\u00eb rasteve p\u00ebr shkak t\u00eb protest\u00ebs s\u00eb Vet\u00ebvendosjes,<\/p>\n<p>Ai ka p\u00ebrmendur Prizrenin q\u00eb u hap si vat\u00ebr e re e koronavirusit, q\u00eb nuk dihet se nga erdhi.<br \/>\n\u201cDikah ka shku virusi atje\u201d, tha ai.Zemaj n\u00eb \u201cDebat Plus\u201d me Ermal Pandurin n\u00eb RTV Dukagjini ka th\u00ebn\u00eb se do t\u00eb b\u00ebj\u00eb p\u00ebrpjekje maksimale q\u00eb t\u00eb mos kthehen masat paraprake dhe gjendja e jasht\u00ebzakonshme.<\/p>\n<p>\u201c\u00cbsht\u00eb problem nacional se si duhet t\u2019i adresohemi problemit. Un\u00eb kam p\u00ebrball\u00eb zyr\u00ebn e vullnetareve q\u00eb jan\u00eb psikolog e psikiat\u00ebr. Brenda or\u00ebs ka qindra thirrje nga qytetar\u00eb q\u00eb k\u00ebrkojn\u00eb ndihm\u00eb pas pandemis\u00eb. Ne do t\u00eb angazhohemi n\u00eb maksimum q\u00eb t\u00eb respektohen masat dhe t\u00eb barten maskat aty ku nuk mund t\u00eb respektohet distanca\u2026Angazhohem 24 or\u00eb q\u00eb t\u00eb mos ket\u00eb rikthim t\u00eb masave\u201d, tha ai, p\u00ebrcjell Telegrafi.<\/p>\n<p>Ministri i Sh\u00ebndet\u00ebsis\u00eb thot\u00eb se edhe institucionet publike si Posta e Kosov\u00ebs mund t\u00eb mbyllen n\u00ebse nuk respektohen masat.<\/p>\n<p>Zemaj thot\u00eb se numri i madh i t\u00eb prekurve \u00ebsht\u00eb edhe pasoj\u00eb e testeve t\u00eb m\u00ebdha q\u00eb jan\u00eb b\u00ebr\u00eb prej se ka ardhur ai n\u00eb krye t\u00eb ministris\u00eb.\u201cSa t\u00eb jem un\u00eb minist\u00ebr nuk do t\u00eb kursehen testet dhe nuk do t\u00eb ket\u00eb testime selektive\u201d.<\/p>\n<p>Ministri i Sh\u00ebndet\u00ebsis\u00eb thot\u00eb se miliona euro jan\u00eb shpenzuar p\u00ebr pandemin\u00eb dhe nuk \u00ebsht\u00eb n\u00eb rregull q\u00eb t\u00eb mos ket\u00eb testime masive.\u201c\u00c7dokush q\u00eb ka simptoma dhe th\u00ebrret n\u00eb telefon un\u00eb do t\u00eb insistoj\u00eb q\u00eb t\u00eb testohet\u201d, tha nd\u00ebr t\u00eb tjera Armend Zemaj<\/p>\n","protected":false},"excerpt":{"rendered":"<p>Ministri i Sh\u00ebndet\u00ebsis\u00eb, Armend Zemaj, \u00ebsht\u00eb shprehur kund\u00ebr rikthimit t\u00eb masave kufizuese.Ai ka theksuar se virusi u p\u00ebrhap edhe nga protesta e Vet\u00ebvendosjes. Madje, ai ka paralajm\u00ebruar shtim t\u00eb rasteve p\u00ebr shkak t\u00eb protest\u00ebs s\u00eb Vet\u00ebvendosjes, Ai ka p\u00ebrmendur Prizrenin q\u00eb u hap si vat\u00ebr e re e koronavirusit, q\u00eb nuk dihet se nga erdhi. [&hellip;]<\/p>\n","protected":false},"author":1,"featured_media":59602,"comment_status":"closed","ping_status":"closed","sticky":false,"template":"","format":"standard","meta":{"footnotes":""},"categories":[5],"tags":[],"class_list":{"0":"post-59667","1":"post","2":"type-post","3":"status-publish","4":"format-standard","5":"has-post-thumbnail","7":"category-lajme"},"_links":{"self":[{"href":"https:\/\/radiostargjilan.com\/web\/wp-json\/wp\/v2\/posts\/59667","targetHints":{"allow":["GET"]}}],"collection":[{"href":"https:\/\/radiostargjilan.com\/web\/wp-json\/wp\/v2\/posts"}],"about":[{"href":"https:\/\/radiostargjilan.com\/web\/wp-json\/wp\/v2\/types\/post"}],"author":[{"embeddable":true,"href":"https:\/\/radiostargjilan.com\/web\/wp-json\/wp\/v2\/users\/1"}],"replies":[{"embeddable":true,"href":"https:\/\/radiostargjilan.com\/web\/wp-json\/wp\/v2\/comments?post=59667"}],"version-history":[{"count":0,"href":"https:\/\/radiostargjilan.com\/web\/wp-json\/wp\/v2\/posts\/59667\/revisions"}],"wp:featuredmedia":[{"embeddable":true,"href":"https:\/\/radiostargjilan.com\/web\/wp-json\/wp\/v2\/media\/59602"}],"wp:attachment":[{"href":"https:\/\/radiostargjilan.com\/web\/wp-json\/wp\/v2\/media?parent=59667"}],"wp:term":[{"taxonomy":"category","embeddable":true,"href":"https:\/\/radiostargjilan.com\/web\/wp-json\/wp\/v2\/categories?post=59667"},{"taxonomy":"post_tag","embeddable":true,"href":"https:\/\/radiostargjilan.com\/web\/wp-json\/wp\/v2\/tags?post=59667"}],"curies":[{"name":"wp","href":"https:\/\/api.w.org\/{rel}","templated":true}]}}