{"id":59825,"date":"2020-06-17T21:30:43","date_gmt":"2020-06-17T21:30:43","guid":{"rendered":"https:\/\/radiostargjilan.com\/web\/?p=59825"},"modified":"2020-06-17T21:30:43","modified_gmt":"2020-06-17T21:30:43","slug":"kryetari-i-kamenices-qendron-kastrati-i-vetmi-rast-aktiv-me-coronavirus-ne-kamenice","status":"publish","type":"post","link":"https:\/\/radiostargjilan.com\/web\/kryetari-i-kamenices-qendron-kastrati-i-vetmi-rast-aktiv-me-coronavirus-ne-kamenice\/","title":{"rendered":"Kryetari i Kamenic\u00ebs, Q\u00ebndron Kastrati, i vetmi rast aktiv me coronavirus n\u00eb Kamenic\u00eb"},"content":{"rendered":"<p>Kryetari i Kamenic\u00ebs, Q\u00ebndron Kastrati, ka b\u00ebr\u00eb t\u00eb ditur se ai \u00ebsht\u00eb i vetmi rast aktiv me koronavirus n\u00eb k\u00ebt\u00eb komun\u00eb.<\/p>\n<p>\u201cDeri tash kemi pasur 42 raste t\u00eb identifikuara. P\u00ebr momentin jam vet\u00ebm un\u00eb. Dje kur u kuptua se edhe un\u00eb jam infektuar u konstatua se \u00ebsht\u00eb sh\u00ebruar personi i fundit. Aktualisht jam vet\u00ebm un\u00eb rast aktiv\u201d, ka th\u00ebn\u00eb ai n\u00eb KTV.<\/p>\n<p>Kastrati ka th\u00ebn\u00eb se dyshon q\u00eb e ka marr\u00eb virusin gjat\u00eb nj\u00eb vozitjeje me nj\u00eb person q\u00eb kishte rezultuar pozitiv me koronavirus. Ai \u00ebsht\u00eb shprehur se tash p\u00ebr tash s\u2019ka kurrfar\u00eb simptome.<\/p>\n<p>\u201cKam kuptuar q\u00eb personi n\u00eb fjal\u00eb (kontakti), dit\u00ebn e premte ka b\u00ebr\u00eb testin dhe nga ai moment jam izoluar. Ai e ka kuptuar dit\u00ebn e shtun\u00eb e pastaj t\u00eb h\u00ebn\u00ebn kam kryer testin dhe mu dha rezultati. P\u00ebr fat t\u00eb mir\u00eb, ne kryetar\u00ebt e komunave po mundohemi t\u00eb respektojm\u00eb masat jo vet\u00ebm q\u00eb t\u00eb mos i rrezikojm\u00eb t\u00eb rrezikojm\u00eb t\u00eb tjer\u00ebt, por t\u00eb jemi edhe shembull se si t\u00eb sillemi\u201d, ka th\u00ebn\u00eb Kastrati. \u201cUn\u00eb nuk jam i fush\u00ebs, por prej asaj q\u00eb kam m\u00ebsuar, ne kemi shkuar s\u00eb bashku n\u00eb nj\u00eb aktivitet, isha n\u00eb vetur\u00eb me personin n\u00eb fjal\u00eb. Prej rasteve t\u00eb tjera q\u00eb jan\u00eb testuar, asnj\u00eb s\u2019doli i infektuar, e un\u00eb po. Kam p\u00ebrshtypjen q\u00eb q\u00ebndrimi n\u00eb vetur\u00eb s\u00eb bashku dhe mund\u00ebsia q\u00eb t\u00eb shk\u00ebmbejm\u00eb gj\u00ebsende erdhi te infektimi im. N\u00eb vetur\u00eb gjat\u00eb rrug\u00ebs s\u2019kam pas mask\u00eb\u201d.<\/p>\n<p>Ai ka treguar se ka identifikuar 27 persona kontakti t\u00eb cil\u00ebt pritet t\u00eb testohen.<\/p>\n","protected":false},"excerpt":{"rendered":"<p>Kryetari i Kamenic\u00ebs, Q\u00ebndron Kastrati, ka b\u00ebr\u00eb t\u00eb ditur se ai \u00ebsht\u00eb i vetmi rast aktiv me koronavirus n\u00eb k\u00ebt\u00eb komun\u00eb. \u201cDeri tash kemi pasur 42 raste t\u00eb identifikuara. P\u00ebr momentin jam vet\u00ebm un\u00eb. Dje kur u kuptua se edhe un\u00eb jam infektuar u konstatua se \u00ebsht\u00eb sh\u00ebruar personi i fundit. Aktualisht jam vet\u00ebm un\u00eb [&hellip;]<\/p>\n","protected":false},"author":1,"featured_media":59720,"comment_status":"closed","ping_status":"closed","sticky":false,"template":"","format":"standard","meta":{"footnotes":""},"categories":[5],"tags":[],"class_list":{"0":"post-59825","1":"post","2":"type-post","3":"status-publish","4":"format-standard","5":"has-post-thumbnail","7":"category-lajme"},"_links":{"self":[{"href":"https:\/\/radiostargjilan.com\/web\/wp-json\/wp\/v2\/posts\/59825","targetHints":{"allow":["GET"]}}],"collection":[{"href":"https:\/\/radiostargjilan.com\/web\/wp-json\/wp\/v2\/posts"}],"about":[{"href":"https:\/\/radiostargjilan.com\/web\/wp-json\/wp\/v2\/types\/post"}],"author":[{"embeddable":true,"href":"https:\/\/radiostargjilan.com\/web\/wp-json\/wp\/v2\/users\/1"}],"replies":[{"embeddable":true,"href":"https:\/\/radiostargjilan.com\/web\/wp-json\/wp\/v2\/comments?post=59825"}],"version-history":[{"count":0,"href":"https:\/\/radiostargjilan.com\/web\/wp-json\/wp\/v2\/posts\/59825\/revisions"}],"wp:featuredmedia":[{"embeddable":true,"href":"https:\/\/radiostargjilan.com\/web\/wp-json\/wp\/v2\/media\/59720"}],"wp:attachment":[{"href":"https:\/\/radiostargjilan.com\/web\/wp-json\/wp\/v2\/media?parent=59825"}],"wp:term":[{"taxonomy":"category","embeddable":true,"href":"https:\/\/radiostargjilan.com\/web\/wp-json\/wp\/v2\/categories?post=59825"},{"taxonomy":"post_tag","embeddable":true,"href":"https:\/\/radiostargjilan.com\/web\/wp-json\/wp\/v2\/tags?post=59825"}],"curies":[{"name":"wp","href":"https:\/\/api.w.org\/{rel}","templated":true}]}}