{"id":60029,"date":"2020-06-20T15:58:52","date_gmt":"2020-06-20T15:58:52","guid":{"rendered":"https:\/\/radiostargjilan.com\/web\/?p=60029"},"modified":"2020-06-20T15:58:52","modified_gmt":"2020-06-20T15:58:52","slug":"abdixhiku-voton-kunder-shkarkimit-te-osmanit-sna-sjell-dobi-largimi-i-figurave-kryesore","status":"publish","type":"post","link":"https:\/\/radiostargjilan.com\/web\/abdixhiku-voton-kunder-shkarkimit-te-osmanit-sna-sjell-dobi-largimi-i-figurave-kryesore\/","title":{"rendered":"Abdixhiku voton kund\u00ebr shkarkimit t\u00eb Osmanit: S\u2019na sjell dobi largimi i figurave kryesore"},"content":{"rendered":"<p>An\u00ebtari i Kryesis\u00eb s\u00eb LDK-s\u00eb, Lumir Abdixhiku, ka votuar kund\u00ebr propozimit q\u00eb Vjosa Osmani t\u00eb shkarkohet nga posti i n\u00ebnkryetares s\u00eb partis\u00eb, q\u00eb ua d\u00ebrgoi K\u00ebshillit t\u00eb P\u00ebrgjithsh\u00ebm p\u00ebr votim kryetari Isa Mustafa.<\/p>\n<p>Ai p\u00ebr klankosov.tv tha se LDK-s\u00eb nuk i sjell dobi largimi i figurave kryesore dhe se mospajtimet jan\u00eb t\u00eb mundshme.<\/p>\n<p>\u201cLDK-s\u00eb i duhet unitet. \u00c7do mospajtim \u00ebsht\u00eb i zgjidhsh\u00ebm. Un\u00eb nuk besoj se largimi i figurave kryesore t\u00eb partis\u00eb nga pozitat udh\u00ebheq\u00ebse na sjell\u00eb ndonj\u00eb dobi. P\u00ebrkundrazi, \u00e7do largim i till\u00eb na b\u00ebn m\u00eb t\u00eb dob\u00ebt e m\u00eb t\u00eb lig\u00eb. LDK nuk ka njer\u00ebz n\u00eb tepric\u00eb; LDK ka nevoj\u00eb p\u00ebr njer\u00ebz me shum\u00eb; sidomos tani, sidomos t\u00eb profilit t\u00eb till\u00eb\u201d.<\/p>\n<p>\u201cNatyrisht se un\u00eb kam votuar kund\u00ebr. P\u00ebrtej k\u00ebsaj, do t\u00eb angazhohem \u2013 p\u00ebr aq sa \u00ebsht\u00eb e mundur \u2013 q\u00eb t\u00eb jemi sa m\u00eb af\u00ebr nj\u00ebri-tjetrit, pavar\u00ebsisht bindjeve q\u00eb secili mund t\u2019i ket\u00eb\u201d.<\/p>\n<p>Abdixhiku s\u2019pati pranuar post ministror n\u00eb Qeverin\u00eb Hoti edhe pse Mustafa tha se i \u00ebsht\u00eb ofruar.<\/p>\n","protected":false},"excerpt":{"rendered":"<p>An\u00ebtari i Kryesis\u00eb s\u00eb LDK-s\u00eb, Lumir Abdixhiku, ka votuar kund\u00ebr propozimit q\u00eb Vjosa Osmani t\u00eb shkarkohet nga posti i n\u00ebnkryetares s\u00eb partis\u00eb, q\u00eb ua d\u00ebrgoi K\u00ebshillit t\u00eb P\u00ebrgjithsh\u00ebm p\u00ebr votim kryetari Isa Mustafa. Ai p\u00ebr klankosov.tv tha se LDK-s\u00eb nuk i sjell dobi largimi i figurave kryesore dhe se mospajtimet jan\u00eb t\u00eb mundshme. \u201cLDK-s\u00eb i [&hellip;]<\/p>\n","protected":false},"author":1,"featured_media":60030,"comment_status":"closed","ping_status":"closed","sticky":false,"template":"","format":"standard","meta":{"footnotes":""},"categories":[5],"tags":[],"class_list":{"0":"post-60029","1":"post","2":"type-post","3":"status-publish","4":"format-standard","5":"has-post-thumbnail","7":"category-lajme"},"_links":{"self":[{"href":"https:\/\/radiostargjilan.com\/web\/wp-json\/wp\/v2\/posts\/60029","targetHints":{"allow":["GET"]}}],"collection":[{"href":"https:\/\/radiostargjilan.com\/web\/wp-json\/wp\/v2\/posts"}],"about":[{"href":"https:\/\/radiostargjilan.com\/web\/wp-json\/wp\/v2\/types\/post"}],"author":[{"embeddable":true,"href":"https:\/\/radiostargjilan.com\/web\/wp-json\/wp\/v2\/users\/1"}],"replies":[{"embeddable":true,"href":"https:\/\/radiostargjilan.com\/web\/wp-json\/wp\/v2\/comments?post=60029"}],"version-history":[{"count":0,"href":"https:\/\/radiostargjilan.com\/web\/wp-json\/wp\/v2\/posts\/60029\/revisions"}],"wp:featuredmedia":[{"embeddable":true,"href":"https:\/\/radiostargjilan.com\/web\/wp-json\/wp\/v2\/media\/60030"}],"wp:attachment":[{"href":"https:\/\/radiostargjilan.com\/web\/wp-json\/wp\/v2\/media?parent=60029"}],"wp:term":[{"taxonomy":"category","embeddable":true,"href":"https:\/\/radiostargjilan.com\/web\/wp-json\/wp\/v2\/categories?post=60029"},{"taxonomy":"post_tag","embeddable":true,"href":"https:\/\/radiostargjilan.com\/web\/wp-json\/wp\/v2\/tags?post=60029"}],"curies":[{"name":"wp","href":"https:\/\/api.w.org\/{rel}","templated":true}]}}