{"id":60262,"date":"2020-06-23T13:33:54","date_gmt":"2020-06-23T13:33:54","guid":{"rendered":"https:\/\/radiostargjilan.com\/web\/?p=60262"},"modified":"2020-06-23T13:33:54","modified_gmt":"2020-06-23T13:33:54","slug":"deshton-te-votohet-marreveshja-per-trajtimin-e-ujerave-te-zeza-ne-gjilan","status":"publish","type":"post","link":"https:\/\/radiostargjilan.com\/web\/deshton-te-votohet-marreveshja-per-trajtimin-e-ujerave-te-zeza-ne-gjilan\/","title":{"rendered":"D\u00ebshton t\u00eb votohet marr\u00ebveshja p\u00ebr trajtimin e uj\u00ebrave t\u00eb zeza n\u00eb Gjilan"},"content":{"rendered":"<p>N\u00eb munges\u00eb t\u00eb kuorumit ka d\u00ebshtuar t\u00eb votohen n\u00eb Kuvend t\u00eb Kosov\u00ebs marr\u00ebveshja nd\u00ebrkomb\u00ebtare p\u00ebr trajtimin e uj\u00ebrave t\u00eb zeza n\u00eb Gjilan.<\/p>\n<p>Pes\u00eb marr\u00ebveshjet nd\u00ebrkomb\u00ebtare kan\u00eb d\u00ebshtuar s\u00ebrish t\u00eb ratifikohen n\u00eb Kuvendin e Kosov\u00ebs.<\/p>\n<p>P\u00ebrkund\u00ebr debatit rreth kat\u00ebror\u00ebsh nuk jan\u00eb siguruar votat e mbi 81 deputet\u00ebve, aq sa nevojitet p\u00ebr t\u00eb marr\u00eb drit\u00ebn e gjelb\u00ebr.<\/p>\n<p>N\u00eb votim nuk mor\u00ebn pjes\u00eb dy partit\u00eb opozitare, LVV dhe PDK, nd\u00ebrsa partit\u00eb n\u00eb pushtet nuk kishin m\u00eb shum\u00eb se 58 vota.<\/p>\n<p>Marr\u00ebveshja q\u00eb ishin n\u00eb rend t\u00eb dit\u00ebs p\u00ebr t\u2019u votuar ishte edhe ajo p\u00ebr Shqyrtimin e Projektligjit p\u00ebr ratifikimin e Marr\u00ebveshjes p\u00ebr Hua nd\u00ebrmjet Republik\u00ebs s\u00eb Kosov\u00ebs dhe Bank\u00ebs Evropiane p\u00ebr Rind\u00ebrtim dhe Zhvillim p\u00ebr Projektin e Zhvillimit t\u00eb Uj\u00ebrave t\u00eb Zeza n\u00eb Gjilan.<\/p>\n<p>Kuvendi i Komun\u00ebs n\u00eb Gjilan, m\u00eb par\u00eb kishte aprovuar propozimin e Kryetarit t\u00eb Komun\u00ebs nr.02-320 t\u00eb dat\u00ebs 08.05.2019 p\u00ebr Shpalljen e Interesit t\u00eb Ligjsh\u00ebm Publik p\u00ebr shpron\u00ebsimin e pronave t\u00eb paluajtshme private n\u00eb ZK Uglar p\u00ebr sigurimin e tok\u00ebs p\u00ebr nevoja t\u00eb implementimitt\u00eb Projektit \u201cFabrika p\u00ebr Trajtimin e Uj\u00ebrave t\u00eb Zeza\u201d, nd\u00ebrsa sot, ky projekt jetik p\u00ebr qytetar\u00ebt, p\u00ebr tu realizuar, duhet t\u00eb mb\u00ebshtetej edhe nga Parlamenti i Kosov\u00ebs.<\/p>\n<p>Jav\u00eb m\u00eb par\u00eb, Kosova dhe Banka Evropiane Investive (BEI) kishin n\u00ebnshkruar marr\u00ebveshjen e kredis\u00eb n\u00eb vler\u00eb prej 11 milion\u00eb eurosh p\u00ebr financimin e projektit \u201cImpianti p\u00ebr Trajtimin e Uj\u00ebrave t\u00eb Zeza\u201d, e cila marr\u00ebveshje u n\u00ebnshkrua nga ish-Ministri i Financave dhe Transfereve, Besnik Bislimi, dhe p\u00ebrfaq\u00ebsuesit e Bank\u00ebs Evropiane Investive, Tom Gilliams dhe Ayse Nil ADA.<\/p>\n<p>Ishte b\u00ebr\u00eb e ditur, se ky projekt ofron qasje t\u00eb p\u00ebrmir\u00ebsuar n\u00eb sh\u00ebrbimet e ujit dhe trajtimit t\u00eb uj\u00ebrave t\u00eb zeza p\u00ebr m\u00eb shum\u00eb se 90,000 qytetar\u00eb t\u00eb Komun\u00ebs s\u00eb Gjilanit dhe si rezultat i k\u00ebtij investimi, do t\u00eb zvog\u00eblohet ndotja e uj\u00ebrave lokal dhe do t\u00eb p\u00ebrmir\u00ebsohet kualiteti i sh\u00ebndetit publik\u201d.<\/p>\n<p>\u201cProjekti do t\u00eb bashk\u00ebfinancohet me Bank\u00ebn Evropiane p\u00ebr Rind\u00ebrtim dhe Zhvillim (10 milion euro), nd\u00ebrsa Kosova do t\u00eb jet\u00eb po ashtu p\u00ebrfituese e Grantit t\u00eb BE-s\u00eb p\u00ebrmes Korniz\u00ebs Investuese t\u00eb Ballkanit Per\u00ebndimor (\u00cbBIF) me nj\u00eb shum\u00eb prej EUR 3.1 milion si mb\u00ebshtetje p\u00ebr p\u00ebrgatitje dhe implementim t\u00eb projektit\u201d.\/PlusTV\/<\/p>\n","protected":false},"excerpt":{"rendered":"<p>N\u00eb munges\u00eb t\u00eb kuorumit ka d\u00ebshtuar t\u00eb votohen n\u00eb Kuvend t\u00eb Kosov\u00ebs marr\u00ebveshja nd\u00ebrkomb\u00ebtare p\u00ebr trajtimin e uj\u00ebrave t\u00eb zeza n\u00eb Gjilan. Pes\u00eb marr\u00ebveshjet nd\u00ebrkomb\u00ebtare kan\u00eb d\u00ebshtuar s\u00ebrish t\u00eb ratifikohen n\u00eb Kuvendin e Kosov\u00ebs. P\u00ebrkund\u00ebr debatit rreth kat\u00ebror\u00ebsh nuk jan\u00eb siguruar votat e mbi 81 deputet\u00ebve, aq sa nevojitet p\u00ebr t\u00eb marr\u00eb drit\u00ebn e gjelb\u00ebr. [&hellip;]<\/p>\n","protected":false},"author":1,"featured_media":60263,"comment_status":"closed","ping_status":"closed","sticky":false,"template":"","format":"standard","meta":{"footnotes":""},"categories":[5],"tags":[],"class_list":{"0":"post-60262","1":"post","2":"type-post","3":"status-publish","4":"format-standard","5":"has-post-thumbnail","7":"category-lajme"},"_links":{"self":[{"href":"https:\/\/radiostargjilan.com\/web\/wp-json\/wp\/v2\/posts\/60262","targetHints":{"allow":["GET"]}}],"collection":[{"href":"https:\/\/radiostargjilan.com\/web\/wp-json\/wp\/v2\/posts"}],"about":[{"href":"https:\/\/radiostargjilan.com\/web\/wp-json\/wp\/v2\/types\/post"}],"author":[{"embeddable":true,"href":"https:\/\/radiostargjilan.com\/web\/wp-json\/wp\/v2\/users\/1"}],"replies":[{"embeddable":true,"href":"https:\/\/radiostargjilan.com\/web\/wp-json\/wp\/v2\/comments?post=60262"}],"version-history":[{"count":0,"href":"https:\/\/radiostargjilan.com\/web\/wp-json\/wp\/v2\/posts\/60262\/revisions"}],"wp:featuredmedia":[{"embeddable":true,"href":"https:\/\/radiostargjilan.com\/web\/wp-json\/wp\/v2\/media\/60263"}],"wp:attachment":[{"href":"https:\/\/radiostargjilan.com\/web\/wp-json\/wp\/v2\/media?parent=60262"}],"wp:term":[{"taxonomy":"category","embeddable":true,"href":"https:\/\/radiostargjilan.com\/web\/wp-json\/wp\/v2\/categories?post=60262"},{"taxonomy":"post_tag","embeddable":true,"href":"https:\/\/radiostargjilan.com\/web\/wp-json\/wp\/v2\/tags?post=60262"}],"curies":[{"name":"wp","href":"https:\/\/api.w.org\/{rel}","templated":true}]}}