{"id":60308,"date":"2020-06-23T19:51:08","date_gmt":"2020-06-23T19:51:08","guid":{"rendered":"https:\/\/radiostargjilan.com\/web\/?p=60308"},"modified":"2020-06-23T19:51:08","modified_gmt":"2020-06-23T19:51:08","slug":"qeveria-e-kosoves-merr-vendim-ja-kur-do-te-kthehen-tifozet-ne-tribuna","status":"publish","type":"post","link":"https:\/\/radiostargjilan.com\/web\/qeveria-e-kosoves-merr-vendim-ja-kur-do-te-kthehen-tifozet-ne-tribuna\/","title":{"rendered":"Qeveria e Kosov\u00ebs merr vendim: Ja kur do t\u00eb kthehen tifoz\u00ebt n\u00eb tribuna"},"content":{"rendered":"<p>Qeveria e Kosov\u00ebs sot ka marr\u00eb vendimin p\u00ebr leht\u00ebsimin e m\u00ebtutjesh\u00ebm t\u00eb masave.<\/p>\n<p>K\u00ebtu p\u00ebrfshihen edhe aktivitetet sportive, ku nga 28 qershori lejohet edhe prania e publikut.<\/p>\n<p>K\u00ebsisoj, sportdash\u00ebsit nga java e ardhshme mund t\u2019i kthehen karrigeve t\u00eb stadiumit ku na presin ndeshje fantastike n\u00eb Superlig\u00ebn e Kosov\u00ebs n\u00eb futboll.<\/p>\n<p>M\u00eb posht\u00eb jan\u00eb vendimet q\u00eb jan\u00eb shfuqizuar sonte nga qeveria e Kosov\u00ebs:<\/p>\n<p>Shfuqizohet: Vendimi ku ndalohet eksporti i medikamenteve mjek\u00ebsore nga operator\u00ebt ekonomik.<\/p>\n<p>Shfuqizohet: Pezullimi i p\u00ebrkohsh\u00ebm i fluturimeve nga vendet me risk t\u00eb lart\u00eb dhe t\u00eb mes\u00ebm.<\/p>\n<p>Shfuqizohet: Pezullimi i t\u00eb gjitha linjave ajrore.<\/p>\n<p>Shfuqizohet: Vendimi me t\u00eb cilin ndalohen aktivitetet publike dhe jo publike q\u00eb kan\u00eb mundur t\u00eb mbahen pa pranin\u00eb  publikut, tubimet sportive, konferenca, tryeza t\u00eb rrumbullak\u00ebta etj.<\/p>\n<p>\/Gazeta Sheshi\/<\/p>\n","protected":false},"excerpt":{"rendered":"<p>Qeveria e Kosov\u00ebs sot ka marr\u00eb vendimin p\u00ebr leht\u00ebsimin e m\u00ebtutjesh\u00ebm t\u00eb masave. K\u00ebtu p\u00ebrfshihen edhe aktivitetet sportive, ku nga 28 qershori lejohet edhe prania e publikut. K\u00ebsisoj, sportdash\u00ebsit nga java e ardhshme mund t\u2019i kthehen karrigeve t\u00eb stadiumit ku na presin ndeshje fantastike n\u00eb Superlig\u00ebn e Kosov\u00ebs n\u00eb futboll. M\u00eb posht\u00eb jan\u00eb vendimet q\u00eb [&hellip;]<\/p>\n","protected":false},"author":1,"featured_media":60309,"comment_status":"closed","ping_status":"closed","sticky":false,"template":"","format":"standard","meta":{"footnotes":""},"categories":[5],"tags":[],"class_list":{"0":"post-60308","1":"post","2":"type-post","3":"status-publish","4":"format-standard","5":"has-post-thumbnail","7":"category-lajme"},"_links":{"self":[{"href":"https:\/\/radiostargjilan.com\/web\/wp-json\/wp\/v2\/posts\/60308","targetHints":{"allow":["GET"]}}],"collection":[{"href":"https:\/\/radiostargjilan.com\/web\/wp-json\/wp\/v2\/posts"}],"about":[{"href":"https:\/\/radiostargjilan.com\/web\/wp-json\/wp\/v2\/types\/post"}],"author":[{"embeddable":true,"href":"https:\/\/radiostargjilan.com\/web\/wp-json\/wp\/v2\/users\/1"}],"replies":[{"embeddable":true,"href":"https:\/\/radiostargjilan.com\/web\/wp-json\/wp\/v2\/comments?post=60308"}],"version-history":[{"count":0,"href":"https:\/\/radiostargjilan.com\/web\/wp-json\/wp\/v2\/posts\/60308\/revisions"}],"wp:featuredmedia":[{"embeddable":true,"href":"https:\/\/radiostargjilan.com\/web\/wp-json\/wp\/v2\/media\/60309"}],"wp:attachment":[{"href":"https:\/\/radiostargjilan.com\/web\/wp-json\/wp\/v2\/media?parent=60308"}],"wp:term":[{"taxonomy":"category","embeddable":true,"href":"https:\/\/radiostargjilan.com\/web\/wp-json\/wp\/v2\/categories?post=60308"},{"taxonomy":"post_tag","embeddable":true,"href":"https:\/\/radiostargjilan.com\/web\/wp-json\/wp\/v2\/tags?post=60308"}],"curies":[{"name":"wp","href":"https:\/\/api.w.org\/{rel}","templated":true}]}}