{"id":60769,"date":"2020-06-29T18:02:08","date_gmt":"2020-06-29T18:02:08","guid":{"rendered":"https:\/\/radiostargjilan.com\/web\/?p=60769"},"modified":"2020-06-29T18:12:59","modified_gmt":"2020-06-29T18:12:59","slug":"a-po-vehet-serish-ldk-ne-sherbim-te-planeve-djallezore-antishqiptare-te-hashim-thacit","status":"publish","type":"post","link":"https:\/\/radiostargjilan.com\/web\/a-po-vehet-serish-ldk-ne-sherbim-te-planeve-djallezore-antishqiptare-te-hashim-thacit\/","title":{"rendered":"A po v\u00ebhet s\u00ebrish LDK n\u00eb sh\u00ebrbim t\u00eb planeve djall\u00ebzore antishqiptare t\u00eb Hashim Tha\u00e7it?"},"content":{"rendered":"<p>Shkruan: Adem Salihaj<\/p>\n<p>Po ndodhin momente dramatike dhe ngjarje t\u00eb &#8220;paparishikueshme&#8221; n\u00eb Kosov\u00eb. Para pak koh\u00ebsh, n\u00eb mes t\u00eb pandemis\u00eb, u prish koalicioni LDK-VV dhe u rr\u00ebzua qeveria. Un\u00eb at\u00ebher\u00eb pata apeluar te kryetari i LDK-s\u00eb Isa Mustafa, dhe te deputet\u00ebt e kuvendit q\u00eb t\u00eb mos e b\u00ebnin k\u00ebt\u00eb , sepse rrezikohej shtet\u00ebsia dhe vet\u00eb ekzistenca e Kosov\u00ebs, madje edhe si nocion gjeografik. At\u00ebher\u00eb pata th\u00ebn\u00eb se..&#8221;<br \/>\nDeputet\u00ebt e LDK-s\u00eb nuk duhet t\u00eb paraqiten aq\u00eb  naiv\u00eb sikur nuk po e kuptojn\u00eb se vota sot p\u00ebr rr\u00ebzimin e k\u00ebsaj qeverie, esht\u00eb vot\u00eb nes\u00ebr p\u00ebr koalicion me PDK-n\u00eb dhe List\u00ebn serbe. Dhe qeveria e k\u00ebtij koalicioni LDK-PDK-Lista serbe do ta n\u00ebnshkruaj\u00eb marr\u00ebveshjen me Serbin\u00eb p\u00ebr ta cop\u00ebtuar Kosov\u00ebn.&#8221;<br \/>\nSi\u00e7 e dini, u b\u00eb nj\u00eb loj\u00eb mashtruese, e cila u p\u00ebrdor p\u00ebr t&#8217;i manipuluar jo vet\u00ebm deputet\u00ebt e LDK-s\u00eb, por edhe t\u00eb partive tjera. Gjoja se u p\u00ebrjashtua PDK nga pjes\u00ebmarrja n\u00eb qeveri. Kjo u b\u00eb ve\u00e7an\u00ebrisht p\u00ebr t&#8217;i manipuluar deputet\u00ebt e LDK-s\u00eb, t\u00eb cil\u00ebt, n\u00eb at\u00eb faz\u00eb nuk do ta votonin rr\u00ebzimin e qeveris\u00eb Kurti dhe formimin e qeveris\u00eb me PDK-n\u00eb dhe List\u00ebn Serbe.<br \/>\nPor, ja q\u00eb po del e sakt\u00eb ajo q\u00eb thash\u00eb at\u00ebher\u00eb. Tash erdhi momenti p\u00ebr t\u00eb hyr\u00eb PDK n\u00eb qeveri. Si\u00e7 dihet, edhe qeverin\u00eb Hoti, tash edhe k\u00ebt\u00eb qeverin\u00eb tjet\u00ebr, po i krijon Hashim Tha\u00e7i. Tash i erdhi n\u00eb ndihm\u00eb me vrap edhe Edi Rama, nd\u00ebrsa urdh\u00ebndh\u00ebn\u00ebsi i tyre Aleksand\u00ebr Vu\u00e7iqi po rri n\u00eb prapasken\u00eb. Pra, treshja antishqiptare  po b\u00ebn p\u00ebrpjekje maksimale q\u00eb ta realizoj\u00eb planin p\u00ebr ndarjen e Kosov\u00ebs dhe zhb\u00ebrjen e saj si shtet. A do t\u00eb arrihet kjo? Ka shum\u00eb gjasa se ky plan mund t\u00eb realizohet, duke marr\u00eb parasysh papjekurin\u00eb politike t\u00eb shumic\u00ebs s\u00eb deputet\u00ebve t\u00eb Kuvendit t\u00eb Kosov\u00ebs. Koha tregoi se ata jan\u00eb t\u00eb manipuluesh\u00ebm. Spekulimi se nga ky koalicion po p\u00ebrjashtohen VV dhe Lista Serbe \u00ebsht\u00eb g\u00ebnjesht\u00ebr. N\u00eb fakt, Lista Serbe do ta ket\u00eb ndikimin n\u00eb qeveri, pavar\u00ebsisht faktit se a do t\u00eb jet\u00eb apo jo formalisht aty.<br \/>\nA do t\u00eb jet\u00eb Hoti kryeminister i qeveris\u00eb s\u00eb re me PDK-n\u00eb dhe partit\u00eb tjera? Sipas mendimit tim, ai nuk do t\u00eb jet\u00eb, p\u00ebr arsyen e thjesht\u00eb se ai nuk mund t&#8217;u dal\u00eb p\u00ebrball\u00eb sfidave t\u00eb m\u00ebdha e t\u00eb rrezikshme, q\u00eb e presin k\u00ebt\u00eb qeveri. Logjikisht, kryeminist\u00ebr mund t\u00eb jet\u00eb Isa Mustafa, i cili, bashk\u00eb me Tha\u00e7in, ose njeriun e Tha\u00e7it, do ta n\u00ebnshkruante marr\u00ebveshjen me Serbin\u00eb. Ndoshta t\u00eb gjitha k\u00ebto loj\u00ebra t\u00eb rrezikshme p\u00ebr Kosov\u00ebn po b\u00ebhen edhe p\u00ebr pezullimin e Ligjit p\u00ebr Gjykat\u00ebn Speciale, q\u00eb t\u00eb shp\u00ebtohet l\u00ebkura e Hashim Tha\u00e7it dhe Kadri Veselit?<br \/>\nA po v\u00ebhet s\u00ebrish LDK n\u00eb sh\u00ebrbim t\u00eb planeve djall\u00ebzore antishqiptare t\u00eb Hashim Tha\u00e7it? Un\u00eb nuk do t\u00eb d\u00ebshiroja q\u00eb t\u00eb ndodh\u00eb kjo.<br \/>\nPor, presim e shohim. Koha \u00ebsht\u00eb para nesh.<\/p>\n<p>&#8230;<\/p>\n","protected":false},"excerpt":{"rendered":"<p>Shkruan: Adem Salihaj Po ndodhin momente dramatike dhe ngjarje t\u00eb &#8220;paparishikueshme&#8221; n\u00eb Kosov\u00eb. Para pak koh\u00ebsh, n\u00eb mes t\u00eb pandemis\u00eb, u prish koalicioni LDK-VV dhe u rr\u00ebzua qeveria. Un\u00eb at\u00ebher\u00eb pata apeluar te kryetari i LDK-s\u00eb Isa Mustafa, dhe te deputet\u00ebt e kuvendit q\u00eb t\u00eb mos e b\u00ebnin k\u00ebt\u00eb , sepse rrezikohej shtet\u00ebsia dhe vet\u00eb [&hellip;]<\/p>\n","protected":false},"author":1,"featured_media":60770,"comment_status":"closed","ping_status":"closed","sticky":false,"template":"","format":"standard","meta":{"footnotes":""},"categories":[5],"tags":[],"class_list":{"0":"post-60769","1":"post","2":"type-post","3":"status-publish","4":"format-standard","5":"has-post-thumbnail","7":"category-lajme"},"_links":{"self":[{"href":"https:\/\/radiostargjilan.com\/web\/wp-json\/wp\/v2\/posts\/60769","targetHints":{"allow":["GET"]}}],"collection":[{"href":"https:\/\/radiostargjilan.com\/web\/wp-json\/wp\/v2\/posts"}],"about":[{"href":"https:\/\/radiostargjilan.com\/web\/wp-json\/wp\/v2\/types\/post"}],"author":[{"embeddable":true,"href":"https:\/\/radiostargjilan.com\/web\/wp-json\/wp\/v2\/users\/1"}],"replies":[{"embeddable":true,"href":"https:\/\/radiostargjilan.com\/web\/wp-json\/wp\/v2\/comments?post=60769"}],"version-history":[{"count":0,"href":"https:\/\/radiostargjilan.com\/web\/wp-json\/wp\/v2\/posts\/60769\/revisions"}],"wp:featuredmedia":[{"embeddable":true,"href":"https:\/\/radiostargjilan.com\/web\/wp-json\/wp\/v2\/media\/60770"}],"wp:attachment":[{"href":"https:\/\/radiostargjilan.com\/web\/wp-json\/wp\/v2\/media?parent=60769"}],"wp:term":[{"taxonomy":"category","embeddable":true,"href":"https:\/\/radiostargjilan.com\/web\/wp-json\/wp\/v2\/categories?post=60769"},{"taxonomy":"post_tag","embeddable":true,"href":"https:\/\/radiostargjilan.com\/web\/wp-json\/wp\/v2\/tags?post=60769"}],"curies":[{"name":"wp","href":"https:\/\/api.w.org\/{rel}","templated":true}]}}