{"id":61141,"date":"2020-07-04T09:26:22","date_gmt":"2020-07-04T09:26:22","guid":{"rendered":"https:\/\/radiostargjilan.com\/web\/?p=61141"},"modified":"2020-07-04T09:26:22","modified_gmt":"2020-07-04T09:26:22","slug":"nga-java-e-ardhshme-paralajmerohen-gjoba-per-qytetaret-qe-srespektojne-masat","status":"publish","type":"post","link":"https:\/\/radiostargjilan.com\/web\/nga-java-e-ardhshme-paralajmerohen-gjoba-per-qytetaret-qe-srespektojne-masat\/","title":{"rendered":"Nga java e ardhshme paralajm\u00ebrohen gjoba p\u00ebr qytetar\u00ebt q\u00eb s\u2019respektojn\u00eb masat"},"content":{"rendered":"<p>Pasi qytetar\u00ebt nuk po iu binden thirrjeve p\u00ebr t\u00eb respektuar masat n\u00eb luft\u00eb ndaj COVID-19, hapi i ardhsh\u00ebm do t\u00eb jet\u00eb ndarja e gjobave. K\u00ebt\u00eb e ka paralajm\u00ebruar Sazan Ibrahimi, drejtor ekzekutiv i Asociacionit t\u00eb Komunave t\u00eb Kosov\u00ebs.<\/p>\n<p>Ibrahimi ka th\u00ebn\u00eb se do t\u00eb vjen koha q\u00eb masat t\u00eb shqiptohen, pasi nuk po respektohen k\u00ebrkesat.<\/p>\n<p>Ibrahimi ka th\u00ebn\u00eb se kryetar\u00ebt e komunave nuk jan\u00eb pro masave nd\u00ebshkuese, por po detyrohen t\u00eb veprojn\u00eb ndryshe.<\/p>\n<p>\u201cDeri m\u00eb tani \u00e7do qytetari i \u00ebsht\u00eb t\u00ebrhequr v\u00ebrejtja q\u00eb mos t\u00eb e p\u00ebrs\u00ebris\u00eb gabimin. Gastronomia \u2013 q\u00eb \u00ebsht\u00eb nj\u00eb vat\u00ebr, po frekuentohen kafiterit\u00eb \u2013 n\u00eb takimet q\u00eb i kan\u00eb pasur m\u00eb her\u00ebt shoqatat e gastronom\u00ebve, kan\u00eb dh\u00ebn\u00eb premtime. Por nuk jan\u00eb duke respektuar masat. Kryetar\u00ebt e komunave nuk jan\u00eb shum\u00eb p\u00ebr shqiptimin e gjobave, sepse jan\u00eb gjoba t\u00eb m\u00ebdha. Gjobat jan\u00eb prej 3000 euro e m\u00eb lart\u00eb. Ato mund t\u2019i shqiptohen personit juridik\u201d, ka th\u00ebn\u00eb Ibrahimi.<\/p>\n<p>Sipas tij, bizneseve deri m\u00eb tani vet\u00ebm u \u00ebsht\u00eb t\u00ebrhequr v\u00ebrejtja, pasi ishin t\u00eb mbyllura p\u00ebr koh\u00eb t\u00eb gjat\u00eb.<\/p>\n<p>\u201cPor prej jav\u00ebs s\u00eb ardhshme besoj se do t\u00eb veprohet sepse po shihet q\u00eb vet\u00ebm shqiptimi i gjobave ndoshta do t\u2019i vet\u00ebdijesoj\u00eb pronar\u00ebt e restoranteve, kafiterive, p\u00ebr krijimin e kushteve q\u00eb jan\u00eb t\u00eb parapara\u201d, ka theksuar Ibrahimi.<\/p>\n<p>Ai thot\u00eb se koordinimi nuk mungon, por se ka pasur hezitim p\u00ebr t\u00eb ndar\u00eb gjoba.<\/p>\n<p>\u201cPor ka ardhur koha q\u00eb t\u00eb veprohet edhe n\u00eb k\u00ebt\u00eb drejtim\u201d.<\/p>\n","protected":false},"excerpt":{"rendered":"<p>Pasi qytetar\u00ebt nuk po iu binden thirrjeve p\u00ebr t\u00eb respektuar masat n\u00eb luft\u00eb ndaj COVID-19, hapi i ardhsh\u00ebm do t\u00eb jet\u00eb ndarja e gjobave. K\u00ebt\u00eb e ka paralajm\u00ebruar Sazan Ibrahimi, drejtor ekzekutiv i Asociacionit t\u00eb Komunave t\u00eb Kosov\u00ebs. Ibrahimi ka th\u00ebn\u00eb se do t\u00eb vjen koha q\u00eb masat t\u00eb shqiptohen, pasi nuk po respektohen k\u00ebrkesat. [&hellip;]<\/p>\n","protected":false},"author":1,"featured_media":59832,"comment_status":"closed","ping_status":"closed","sticky":false,"template":"","format":"standard","meta":{"footnotes":""},"categories":[5],"tags":[],"class_list":{"0":"post-61141","1":"post","2":"type-post","3":"status-publish","4":"format-standard","5":"has-post-thumbnail","7":"category-lajme"},"_links":{"self":[{"href":"https:\/\/radiostargjilan.com\/web\/wp-json\/wp\/v2\/posts\/61141","targetHints":{"allow":["GET"]}}],"collection":[{"href":"https:\/\/radiostargjilan.com\/web\/wp-json\/wp\/v2\/posts"}],"about":[{"href":"https:\/\/radiostargjilan.com\/web\/wp-json\/wp\/v2\/types\/post"}],"author":[{"embeddable":true,"href":"https:\/\/radiostargjilan.com\/web\/wp-json\/wp\/v2\/users\/1"}],"replies":[{"embeddable":true,"href":"https:\/\/radiostargjilan.com\/web\/wp-json\/wp\/v2\/comments?post=61141"}],"version-history":[{"count":0,"href":"https:\/\/radiostargjilan.com\/web\/wp-json\/wp\/v2\/posts\/61141\/revisions"}],"wp:featuredmedia":[{"embeddable":true,"href":"https:\/\/radiostargjilan.com\/web\/wp-json\/wp\/v2\/media\/59832"}],"wp:attachment":[{"href":"https:\/\/radiostargjilan.com\/web\/wp-json\/wp\/v2\/media?parent=61141"}],"wp:term":[{"taxonomy":"category","embeddable":true,"href":"https:\/\/radiostargjilan.com\/web\/wp-json\/wp\/v2\/categories?post=61141"},{"taxonomy":"post_tag","embeddable":true,"href":"https:\/\/radiostargjilan.com\/web\/wp-json\/wp\/v2\/tags?post=61141"}],"curies":[{"name":"wp","href":"https:\/\/api.w.org\/{rel}","templated":true}]}}