{"id":61184,"date":"2020-07-04T20:22:36","date_gmt":"2020-07-04T20:22:36","guid":{"rendered":"https:\/\/radiostargjilan.com\/web\/?p=61184"},"modified":"2020-07-04T20:22:36","modified_gmt":"2020-07-04T20:22:36","slug":"numri-i-testimeve-per-covid-19-eshte-zvogeluar-diteve-te-fundit","status":"publish","type":"post","link":"https:\/\/radiostargjilan.com\/web\/numri-i-testimeve-per-covid-19-eshte-zvogeluar-diteve-te-fundit\/","title":{"rendered":"Numri i testimeve p\u00ebr Covid-19 \u00ebsht\u00eb zvog\u00ebluar dit\u00ebve t\u00eb fundit"},"content":{"rendered":"<p>Ndihm\u00eb po k\u00ebrkohet t\u2019i ipet edhe Institutit Komb\u00ebtar t\u00eb Sh\u00ebndet\u00ebsis\u00eb Publike, duke shtuar numrin e mikrobiolog\u00ebve dhe laborant\u00ebve. Kjo pas kritikave t\u00eb shumta se numri i testimeve p\u00ebr Covid 19-t\u00eb, \u00ebsht\u00eb shum\u00eb i ul\u00ebt.<\/p>\n<p>Numri i testimeve \u00ebsht\u00eb zvog\u00ebluar dit\u00ebve t\u00eb fundit. Nga 400 deri n\u00eb 460 sa ishin dy jav\u00eb m\u00eb par\u00eb.<\/p>\n<p>Vet\u00ebm gjat\u00eb 24 or\u00ebshit t\u00eb s\u00eb premtes u testuan 304 persona prej t\u00eb cil\u00ebve 114 rezultuan pozitiv me koronavirus.<\/p>\n<p>Nd\u00ebrkaq nj\u00eb dit\u00eb m\u00eb her\u00ebt numri i mostrave t\u00eb p\u00ebrpunuara ishte vet\u00ebm 225.<\/p>\n<p>Deputeti i VV\u2019s\u00eb Fitim Uka, q\u00eb \u00ebsht\u00eb an\u00ebtar i Komisionit Parlamentar p\u00ebr Sh\u00ebndet\u00ebsi po faj\u00ebson Ministrin e Sh\u00ebndet\u00ebsis\u00eb Armend Zemaj. <\/p>\n<p>Edhe nga zyra e OBSH\u2019s\u00eb n\u00eb Prishtin\u00eb po rekomandojn\u00eb t\u00eb kryhen m\u00eb shum\u00eb testime p\u00ebr Covid-19.<\/p>\n<p>Isma Humolli thot\u00eb se edhe OBSH po kontribuon n\u00eb rritjen e kapaciteteve n\u00eb Laboratorin e Mikrobiologjis\u00eb Molekulare.<\/p>\n<p>Numrin e vog\u00ebl t\u00eb testimeve kreu i IKSHPK\u2019s\u00eb Naser Ramadani, n\u00eb nj\u00eb konferenc\u00eb p\u00ebr media, t\u00eb h\u00ebn\u00ebn, e arsyetoi me munges\u00ebn e stafit n\u00eb k\u00ebt\u00eb institucion.<\/p>\n<p>Kurse Ministri Armend Zemaj njoftoi se do t\u00eb rritet stafi n\u00eb IKSHPK.<\/p>\n<p>Q\u00eb nga fillimi i pandemis\u00eb e deri m\u00eb tani jan\u00eb 1296 raste aktive n\u00eb vend nd\u00ebrkaq numri i t\u00eb prekurve n\u00eb nivel vendi ka arritur n\u00eb 3178 persona.<\/p>\n","protected":false},"excerpt":{"rendered":"<p>Ndihm\u00eb po k\u00ebrkohet t\u2019i ipet edhe Institutit Komb\u00ebtar t\u00eb Sh\u00ebndet\u00ebsis\u00eb Publike, duke shtuar numrin e mikrobiolog\u00ebve dhe laborant\u00ebve. Kjo pas kritikave t\u00eb shumta se numri i testimeve p\u00ebr Covid 19-t\u00eb, \u00ebsht\u00eb shum\u00eb i ul\u00ebt. Numri i testimeve \u00ebsht\u00eb zvog\u00ebluar dit\u00ebve t\u00eb fundit. Nga 400 deri n\u00eb 460 sa ishin dy jav\u00eb m\u00eb par\u00eb. Vet\u00ebm gjat\u00eb [&hellip;]<\/p>\n","protected":false},"author":1,"featured_media":61185,"comment_status":"closed","ping_status":"closed","sticky":false,"template":"","format":"standard","meta":{"footnotes":""},"categories":[5],"tags":[],"class_list":{"0":"post-61184","1":"post","2":"type-post","3":"status-publish","4":"format-standard","5":"has-post-thumbnail","7":"category-lajme"},"_links":{"self":[{"href":"https:\/\/radiostargjilan.com\/web\/wp-json\/wp\/v2\/posts\/61184","targetHints":{"allow":["GET"]}}],"collection":[{"href":"https:\/\/radiostargjilan.com\/web\/wp-json\/wp\/v2\/posts"}],"about":[{"href":"https:\/\/radiostargjilan.com\/web\/wp-json\/wp\/v2\/types\/post"}],"author":[{"embeddable":true,"href":"https:\/\/radiostargjilan.com\/web\/wp-json\/wp\/v2\/users\/1"}],"replies":[{"embeddable":true,"href":"https:\/\/radiostargjilan.com\/web\/wp-json\/wp\/v2\/comments?post=61184"}],"version-history":[{"count":0,"href":"https:\/\/radiostargjilan.com\/web\/wp-json\/wp\/v2\/posts\/61184\/revisions"}],"wp:featuredmedia":[{"embeddable":true,"href":"https:\/\/radiostargjilan.com\/web\/wp-json\/wp\/v2\/media\/61185"}],"wp:attachment":[{"href":"https:\/\/radiostargjilan.com\/web\/wp-json\/wp\/v2\/media?parent=61184"}],"wp:term":[{"taxonomy":"category","embeddable":true,"href":"https:\/\/radiostargjilan.com\/web\/wp-json\/wp\/v2\/categories?post=61184"},{"taxonomy":"post_tag","embeddable":true,"href":"https:\/\/radiostargjilan.com\/web\/wp-json\/wp\/v2\/tags?post=61184"}],"curies":[{"name":"wp","href":"https:\/\/api.w.org\/{rel}","templated":true}]}}