{"id":61211,"date":"2020-07-05T08:06:45","date_gmt":"2020-07-05T08:06:45","guid":{"rendered":"https:\/\/radiostargjilan.com\/web\/?p=61211"},"modified":"2020-07-05T08:06:45","modified_gmt":"2020-07-05T08:06:45","slug":"infermierja-ne-frontin-e-luftes-me-virusin-covid-19-nuk-eshte-genjeshter","status":"publish","type":"post","link":"https:\/\/radiostargjilan.com\/web\/infermierja-ne-frontin-e-luftes-me-virusin-covid-19-nuk-eshte-genjeshter\/","title":{"rendered":"Infermierja n\u00eb frontin e luft\u00ebs me virusin: Covid-19 nuk \u00ebsht\u00eb g\u00ebnjesht\u00ebr"},"content":{"rendered":"<p>Marigona Haziri, infermiere n\u00eb Klinik\u00ebn Infektive n\u00eb Prishtin\u00eb, u detyrua t\u00eb q\u00ebndroj\u00eb tre muaj n\u00eb nj\u00eb banes\u00eb me qira larg prind\u00ebrve me t\u00eb cil\u00ebt jeton, nga frika se mund t\u00eb infektohej me koronavirus dhe mund ta bart\u00eb at\u00eb tek familja e saj.<\/p>\n<p>Ajo tash ka filluar t\u00eb udh\u00ebtoj\u00eb p\u00ebr n\u00eb Vushtrri prej nga vjen, por thot\u00eb se frika vazhdon t\u00eb jet\u00eb e pranishme.<\/p>\n<p>\u201cVirusi nuk \u00ebsht\u00eb g\u00ebnjesht\u00ebr. Po shoh komente n\u00eb rrjetet sociale q\u00eb e thon\u00eb k\u00ebt\u00eb, por jo, nuk \u00ebsht\u00eb ashtu. Sikur ata t\u00eb shohin gjendjen n\u00eb Klinik\u00ebn infektive si\u00e7 ne personeli e shohim, besoj q\u00eb \u00e7do qytetar do t\u00eb respektonte masat mbrojt\u00ebse dhe do t\u00eb ruhej nga ky virus\u201d, thot\u00eb ajo.<\/p>\n<p>N\u00eb nj\u00eb rr\u00ebfim p\u00ebr Radion Evropa e Lir\u00eb, Haziri spjegon v\u00ebshtir\u00ebsit\u00eb me t\u00eb cilat po p\u00ebrballet p\u00ebr t\u00eb shp\u00ebtuar jet\u00ebn e pacient\u00ebve t\u00eb infektuar me virus tani e kat\u00ebr muaj.<\/p>\n<p>Haziri, e cila tre vite m\u00eb par\u00eb ka nisur profesionin e infermieres n\u00eb Klinik\u00ebn Infektive n\u00eb Qendr\u00ebn Klinike Universitare n\u00eb Prishtin\u00eb, thot\u00eb t\u00eb mos jen\u00eb p\u00ebrballur asnj\u00ebher\u00eb me nj\u00eb gjendje t\u00eb till\u00eb \u00e7far\u00eb e ka shkaktuar koronavirusi.<\/p>\n<p>\u201cNj\u00eb dit\u00eb e zakonshme n\u00eb gjendje normale n\u00eb Klinik\u00ebn Infektive \u00ebsht\u00eb m\u00eb e qet\u00eb, por tani n\u00eb pandemi kemi shum\u00eb pun\u00eb. N\u00eb ora 7:00 fillon nd\u00ebrrimi i dit\u00ebs deri n\u00eb ora 19:00. Sot (2 qershor) kam ardhur (n\u00eb Klinik\u00ebn Infektive) n\u00eb ora 7:00 t\u00eb m\u00ebngjesit, tek pacientat kam hyr\u00eb n\u00eb ora 7:30 dhe kam mbetur e veshur me rroba deri n\u00eb ora 14:00 p\u00ebr shkak t\u00eb pun\u00ebve t\u00eb shumta\u201d.<\/p>\n<p>Numri i madh i pacient\u00ebve t\u00eb hospitalizuar, thot\u00eb infermierja Marigona Haziri, b\u00ebn q\u00eb puna t\u00eb b\u00ebhet pa pushim.<\/p>\n<p>\u201cP\u00ebr shkak t\u00eb mbingarkes\u00ebs me pacient\u00eb t\u00eb hospitalizuar jemi t\u00eb detyruar t\u00eb jemi t\u00eb veshur me ato rroba q\u00eb t\u00eb mbrojn\u00eb nga koronavirusi deri n\u00eb 7 or\u00eb, pa ngr\u00ebn\u00eb dhe pa pir\u00eb, pra t\u00eb izoluar \u201d, thot\u00eb ajo.<\/p>\n<p>\u201cTash ora \u00ebsht\u00eb 15:00, pak m\u00eb her\u00ebt kam ngr\u00ebn\u00eb buk\u00eb nga dita e djeshme\u201d, shtoi Haziri.<\/p>\n<p>Rastet e para me koronavirus, Kosova i ka sh\u00ebnuar m\u00eb 13 mars. Deri m\u00eb 3 korrik, numri i t\u00eb prekurve me koronvirus n\u00eb Kosov\u00eb ka arritur n\u00eb 3.064 dhe 55 persona kan\u00eb humbur jet\u00ebn.<\/p>\n<p>Pas rritjes s\u00eb numrit t\u00eb rasteve t\u00eb reja me koronavirus jav\u00ebve t\u00eb fundit, gjendja n\u00eb Kliniken Infektive n\u00eb Prishtin\u00eb \u00ebsht\u00eb jasht\u00ebzakonisht e r\u00ebnduar dhe kapacitetet e klinik\u00ebs jan\u00eb pothuajse t\u00eb mbushura. Numri i t\u00eb hospitalizuarve n\u00eb Kliniken Infektive ka filluar t\u00eb rritet q\u00eb nga fillimi i muajit qershor, kur ka filluar faza e tret\u00eb e leht\u00ebsimit t\u00eb masave kund\u00ebr koronavirusit.<\/p>\n<p>M\u00eb dat\u00ebn 2 korrik, n\u00eb Klinik\u00ebn Infektive kan\u00eb qen\u00eb t\u00eb hospitalizuar mbi 100 pacient\u00eb.<\/p>\n<p>Marigona Haziri thot\u00eb se puna n\u00eb Klinik\u00ebn Infektive \u00e7do dit\u00eb e m\u00eb shum\u00eb po b\u00ebhet m\u00eb e v\u00ebshtir\u00eb, por q\u00eb kjo nuk i ndal infermier\u00ebt dhe gjith\u00eb personelin sh\u00ebndet\u00ebsor t\u00eb luftojn\u00eb me virusin.<\/p>\n<p>\u201c\u00cbsht\u00eb mjaft e v\u00ebshtir\u00eb, por me pun\u00eb dhe angazhim jo vet\u00ebm nga un\u00eb, por komplet stafi i Klinik\u00ebs Infektive kemi angazhim t\u00eb madh, dhe kemi motiv q\u00eb t\u00eb punojm\u00eb me k\u00ebto raste dhe nuk po lodhemi asnj\u00ebher\u00eb\u201d, thot\u00eb ajo.<\/p>\n<p>Pagat e infermier\u00ebve n\u00eb Kosov\u00eb n\u00eb vazhdim\u00ebsi jan\u00eb konsideruar t\u00eb ul\u00ebta. Paga e nj\u00eb infermieri n\u00eb Kosov\u00ebs \u00ebsht\u00eb rreth 400 euro n\u00eb muaj.<\/p>\n<p>Gjat\u00eb koh\u00ebs s\u00eb pandemis\u00eb, Qeveria e Kosov\u00ebs pati vendosur q\u00eb gjith\u00eb stafit sh\u00ebndet\u00ebsor t\u2019i ndaj\u00eb nj\u00eb shum\u00eb prej 300 eurosh p\u00ebr dy muaj (prill \u2013 maj), si shp\u00ebrblim p\u00ebr pun\u00ebn q\u00eb e kan\u00eb b\u00ebr\u00eb.<\/p>\n<p>Kurse numri i pun\u00ebtor\u00ebve sh\u00ebndet\u00ebsor\u00eb n\u00eb Kosov\u00eb t\u00eb infektuar me koronavirus, q\u00eb shkakton s\u00ebmundjen Covid-19, deri me dat\u00ebn 30 qershor, ka arritur n\u00eb 160. P\u00ebrve\u00e7 k\u00ebsaj, 500 pun\u00ebtor\u00eb sh\u00ebndet\u00ebsor\u00eb jan\u00eb duke q\u00ebndruar n\u00eb izolim, kan\u00eb konfirmuar p\u00ebr Radion Evropa e Lir\u00eb, zyrtar\u00eb nga Federata Sindikale e Sh\u00ebndet\u00ebsis\u00eb.<\/p>\n","protected":false},"excerpt":{"rendered":"<p>Marigona Haziri, infermiere n\u00eb Klinik\u00ebn Infektive n\u00eb Prishtin\u00eb, u detyrua t\u00eb q\u00ebndroj\u00eb tre muaj n\u00eb nj\u00eb banes\u00eb me qira larg prind\u00ebrve me t\u00eb cil\u00ebt jeton, nga frika se mund t\u00eb infektohej me koronavirus dhe mund ta bart\u00eb at\u00eb tek familja e saj. Ajo tash ka filluar t\u00eb udh\u00ebtoj\u00eb p\u00ebr n\u00eb Vushtrri prej nga vjen, por [&hellip;]<\/p>\n","protected":false},"author":1,"featured_media":61212,"comment_status":"closed","ping_status":"closed","sticky":false,"template":"","format":"standard","meta":{"footnotes":""},"categories":[5],"tags":[],"class_list":{"0":"post-61211","1":"post","2":"type-post","3":"status-publish","4":"format-standard","5":"has-post-thumbnail","7":"category-lajme"},"_links":{"self":[{"href":"https:\/\/radiostargjilan.com\/web\/wp-json\/wp\/v2\/posts\/61211","targetHints":{"allow":["GET"]}}],"collection":[{"href":"https:\/\/radiostargjilan.com\/web\/wp-json\/wp\/v2\/posts"}],"about":[{"href":"https:\/\/radiostargjilan.com\/web\/wp-json\/wp\/v2\/types\/post"}],"author":[{"embeddable":true,"href":"https:\/\/radiostargjilan.com\/web\/wp-json\/wp\/v2\/users\/1"}],"replies":[{"embeddable":true,"href":"https:\/\/radiostargjilan.com\/web\/wp-json\/wp\/v2\/comments?post=61211"}],"version-history":[{"count":0,"href":"https:\/\/radiostargjilan.com\/web\/wp-json\/wp\/v2\/posts\/61211\/revisions"}],"wp:featuredmedia":[{"embeddable":true,"href":"https:\/\/radiostargjilan.com\/web\/wp-json\/wp\/v2\/media\/61212"}],"wp:attachment":[{"href":"https:\/\/radiostargjilan.com\/web\/wp-json\/wp\/v2\/media?parent=61211"}],"wp:term":[{"taxonomy":"category","embeddable":true,"href":"https:\/\/radiostargjilan.com\/web\/wp-json\/wp\/v2\/categories?post=61211"},{"taxonomy":"post_tag","embeddable":true,"href":"https:\/\/radiostargjilan.com\/web\/wp-json\/wp\/v2\/tags?post=61211"}],"curies":[{"name":"wp","href":"https:\/\/api.w.org\/{rel}","templated":true}]}}