{"id":61403,"date":"2020-07-06T21:45:06","date_gmt":"2020-07-06T21:45:06","guid":{"rendered":"https:\/\/radiostargjilan.com\/web\/?p=61403"},"modified":"2020-07-06T21:45:06","modified_gmt":"2020-07-06T21:45:06","slug":"dialogu-me-serbine-pritet-te-rifilloje-me-12-korrik","status":"publish","type":"post","link":"https:\/\/radiostargjilan.com\/web\/dialogu-me-serbine-pritet-te-rifilloje-me-12-korrik\/","title":{"rendered":"Dialogu me Serbin\u00eb pritet t\u00eb rifilloj\u00eb m\u00eb 12 korrik"},"content":{"rendered":"<p>Ka nj\u00eb muaj q\u00eb ka marr detyr\u00ebn e kryeministrit. Por, t\u00eb mart\u00ebn Avdullah Hoti do t\u00eb ket\u00eb nj\u00eb takim shum\u00eb t\u00eb r\u00ebnd\u00ebsish\u00ebm.<\/p>\n<p>Gjith\u00e7ka do t\u00eb ndodh n\u00eb Paris, atje ku Hoti do t\u00eb takohet me presidentin francez Emanuell Macron.<\/p>\n<p>Takimi do t\u00eb zhvillohet n\u00eb pallatin Elise, nd\u00ebrsa pritja do t\u00eb jet\u00eb me nderime shtet\u00ebrore.<\/p>\n<p>K\u00ebshtu t\u00eb pakt\u00ebn konfirmojn\u00eb nga zyra e kryeministrit.<\/p>\n<p>E ky takim  n\u00eb mes t\u00eb Emanuell Macron e Avdullah  Hotit vjen pak dit\u00eb para se t\u00eb mbahen dy takime tjera po kaq t\u00eb r\u00ebnd\u00ebsishme.<\/p>\n<p>Samiti i Parisit do t\u00eb gjej Hotin duke p\u00ebrfaq\u00ebsuar Kosov\u00ebn n\u00eb nj\u00eb prej samiteve m\u00eb t\u00eb r\u00ebnd\u00ebsishme p\u00ebr Ballkanin Per\u00ebndimor, nd\u00ebrsa do t\u00eb zhvillohet online e ku pritet t\u00eb merr pjes\u00eb edhe kancelaria gjermane Angella Merkell.  <\/p>\n<p>Nd\u00ebrkoh\u00eb, dialogu mes Kosov\u00ebs dhe Serbis\u00eb pritet t\u00eb rifilloj me 12 korrik.<\/p>\n<p>T\u00eb pakt\u00ebn k\u00ebshtu ka th\u00ebn\u00eb, z\u00ebdh\u00ebn\u00ebsi i BE-s\u00eb, Peter Stano.<\/p>\n<p>Por, krejt ndryshe ishte menduar rinisja e dialogut<\/p>\n<p>Me 27 qershor ishte parapar\u00eb q\u00eb krer\u00ebt e Kosov\u00ebs dhe Serbis\u00eb, t\u00eb takoheshin n\u00eb Uashington, n\u00eb nj\u00eb takim t\u00eb nd\u00ebrmjet\u00ebsuar nga Richard Grenell.<\/p>\n<p>Madje ekipi kosovar\u00eb edhe kishte marr\u00eb rrug\u00ebn p\u00ebr n\u00eb Sht\u00ebpin\u00eb e Bardh\u00eb, porse ishte nd\u00ebrprer\u00eb n\u00eb gjysm\u00eb pasi q\u00eb u b\u00eb publik lajmi se ndaj presidentit Hashim Tha\u00e7i, \u00ebsht\u00eb dor\u00ebzuar nj\u00eb aktakuz\u00eb, nga Zyra e Prokurorit t\u00eb Specializuar.<\/p>\n<p>T7 \u00ebsht\u00eb interesuar t\u00eb dij\u00eb n\u00ebse Richard Grenell \u00ebsht\u00eb i njoftuar p\u00ebr dat\u00ebn e dialogut t\u00eb rinisur n\u00eb Bruksel.<\/p>\n<p>Mir\u00ebpo nga zyra e k\u00ebtij t\u00eb fundit kan\u00eb th\u00ebn\u00eb se nuk kan\u00eb nj\u00eb informacion t\u00eb till\u00eb.<\/p>\n","protected":false},"excerpt":{"rendered":"<p>Ka nj\u00eb muaj q\u00eb ka marr detyr\u00ebn e kryeministrit. Por, t\u00eb mart\u00ebn Avdullah Hoti do t\u00eb ket\u00eb nj\u00eb takim shum\u00eb t\u00eb r\u00ebnd\u00ebsish\u00ebm. Gjith\u00e7ka do t\u00eb ndodh n\u00eb Paris, atje ku Hoti do t\u00eb takohet me presidentin francez Emanuell Macron. Takimi do t\u00eb zhvillohet n\u00eb pallatin Elise, nd\u00ebrsa pritja do t\u00eb jet\u00eb me nderime shtet\u00ebrore. K\u00ebshtu [&hellip;]<\/p>\n","protected":false},"author":1,"featured_media":59726,"comment_status":"closed","ping_status":"closed","sticky":false,"template":"","format":"standard","meta":{"footnotes":""},"categories":[5],"tags":[],"class_list":{"0":"post-61403","1":"post","2":"type-post","3":"status-publish","4":"format-standard","5":"has-post-thumbnail","7":"category-lajme"},"_links":{"self":[{"href":"https:\/\/radiostargjilan.com\/web\/wp-json\/wp\/v2\/posts\/61403","targetHints":{"allow":["GET"]}}],"collection":[{"href":"https:\/\/radiostargjilan.com\/web\/wp-json\/wp\/v2\/posts"}],"about":[{"href":"https:\/\/radiostargjilan.com\/web\/wp-json\/wp\/v2\/types\/post"}],"author":[{"embeddable":true,"href":"https:\/\/radiostargjilan.com\/web\/wp-json\/wp\/v2\/users\/1"}],"replies":[{"embeddable":true,"href":"https:\/\/radiostargjilan.com\/web\/wp-json\/wp\/v2\/comments?post=61403"}],"version-history":[{"count":0,"href":"https:\/\/radiostargjilan.com\/web\/wp-json\/wp\/v2\/posts\/61403\/revisions"}],"wp:featuredmedia":[{"embeddable":true,"href":"https:\/\/radiostargjilan.com\/web\/wp-json\/wp\/v2\/media\/59726"}],"wp:attachment":[{"href":"https:\/\/radiostargjilan.com\/web\/wp-json\/wp\/v2\/media?parent=61403"}],"wp:term":[{"taxonomy":"category","embeddable":true,"href":"https:\/\/radiostargjilan.com\/web\/wp-json\/wp\/v2\/categories?post=61403"},{"taxonomy":"post_tag","embeddable":true,"href":"https:\/\/radiostargjilan.com\/web\/wp-json\/wp\/v2\/tags?post=61403"}],"curies":[{"name":"wp","href":"https:\/\/api.w.org\/{rel}","templated":true}]}}