{"id":61424,"date":"2020-07-07T10:45:20","date_gmt":"2020-07-07T10:45:20","guid":{"rendered":"https:\/\/radiostargjilan.com\/web\/?p=61424"},"modified":"2020-07-07T10:45:20","modified_gmt":"2020-07-07T10:45:20","slug":"bislimi-asnje-zyrtar-apo-aktivist-i-yni-nuk-eshte-infektuar-me-covid-19-pas-tubimit-te-12-qershorit","status":"publish","type":"post","link":"https:\/\/radiostargjilan.com\/web\/bislimi-asnje-zyrtar-apo-aktivist-i-yni-nuk-eshte-infektuar-me-covid-19-pas-tubimit-te-12-qershorit\/","title":{"rendered":"Bislimi: Asnj\u00eb zyrtar apo aktivist i yni nuk \u00ebsht\u00eb infektuar me Covid-19 pas tubimit t\u00eb 12 qershorit"},"content":{"rendered":"<p>N\u00ebnkryetari i L\u00ebvizjes Vet\u00ebvendosje, Besnik Bislimi, ka mohuar se burim i rritjes s\u00eb numrit t\u00eb t\u00eb prekurve me koronavirus n\u00eb vend mund t\u00eb ket\u00eb qen\u00eb nj\u00eb tubim i organizuar nga kjo l\u00ebvizje m\u00eb 12 qershor.<\/p>\n<p>\u201cNuk kemi asnj\u00eb aktivist a deputet p\u00ebrkund\u00ebr q\u00eb kemi qen\u00eb n\u00eb tubimin e 12 qershorit. Burimi kryesor \u00ebsht\u00eb q\u00ebndrimi n\u00eb ambiente t\u00eb mbyllura, jo t\u00eb hapura\u201d, \u00ebsht\u00eb shprehur Bislimi.<\/p>\n<p>\u201cNj\u00eb qeveri e duhur nuk merret me fajtor\u00eb, tani me r\u00ebnd\u00ebsi \u00ebsht\u00eb t\u00eb shp\u00ebtohet jeta. Kur kemi mbajtur manifestimin e kemi pas\u00eb lejen e organeve dhe kemi vepruar sipas rregullave n\u00eb fuqi t\u00eb vendosura nga kjo qeveri. Kjo qeveri ka hequr t\u00eb gjitha limitet p\u00ebr l\u00ebvizje. Kjo qeveri ka relaksuar masat n\u00ebse kjo Qeveri nuk do t\u00eb relaksonte masat ai tubim nuk do t\u00eb mbahej\u201d.<\/p>\n<p>N\u00eb nj\u00eb konferenc\u00eb p\u00ebr media, Bislimi ka prezantuar nj\u00eb sondazh t\u00eb kryer n\u00eb Ubo Consulting sipas t\u00eb cilit Albin Kurti e duan 47.8 p\u00ebrqind e qytetar\u00ebve.<\/p>\n","protected":false},"excerpt":{"rendered":"<p>N\u00ebnkryetari i L\u00ebvizjes Vet\u00ebvendosje, Besnik Bislimi, ka mohuar se burim i rritjes s\u00eb numrit t\u00eb t\u00eb prekurve me koronavirus n\u00eb vend mund t\u00eb ket\u00eb qen\u00eb nj\u00eb tubim i organizuar nga kjo l\u00ebvizje m\u00eb 12 qershor. \u201cNuk kemi asnj\u00eb aktivist a deputet p\u00ebrkund\u00ebr q\u00eb kemi qen\u00eb n\u00eb tubimin e 12 qershorit. Burimi kryesor \u00ebsht\u00eb q\u00ebndrimi n\u00eb [&hellip;]<\/p>\n","protected":false},"author":1,"featured_media":60767,"comment_status":"closed","ping_status":"closed","sticky":false,"template":"","format":"standard","meta":{"footnotes":""},"categories":[5],"tags":[],"class_list":{"0":"post-61424","1":"post","2":"type-post","3":"status-publish","4":"format-standard","5":"has-post-thumbnail","7":"category-lajme"},"_links":{"self":[{"href":"https:\/\/radiostargjilan.com\/web\/wp-json\/wp\/v2\/posts\/61424","targetHints":{"allow":["GET"]}}],"collection":[{"href":"https:\/\/radiostargjilan.com\/web\/wp-json\/wp\/v2\/posts"}],"about":[{"href":"https:\/\/radiostargjilan.com\/web\/wp-json\/wp\/v2\/types\/post"}],"author":[{"embeddable":true,"href":"https:\/\/radiostargjilan.com\/web\/wp-json\/wp\/v2\/users\/1"}],"replies":[{"embeddable":true,"href":"https:\/\/radiostargjilan.com\/web\/wp-json\/wp\/v2\/comments?post=61424"}],"version-history":[{"count":0,"href":"https:\/\/radiostargjilan.com\/web\/wp-json\/wp\/v2\/posts\/61424\/revisions"}],"wp:featuredmedia":[{"embeddable":true,"href":"https:\/\/radiostargjilan.com\/web\/wp-json\/wp\/v2\/media\/60767"}],"wp:attachment":[{"href":"https:\/\/radiostargjilan.com\/web\/wp-json\/wp\/v2\/media?parent=61424"}],"wp:term":[{"taxonomy":"category","embeddable":true,"href":"https:\/\/radiostargjilan.com\/web\/wp-json\/wp\/v2\/categories?post=61424"},{"taxonomy":"post_tag","embeddable":true,"href":"https:\/\/radiostargjilan.com\/web\/wp-json\/wp\/v2\/tags?post=61424"}],"curies":[{"name":"wp","href":"https:\/\/api.w.org\/{rel}","templated":true}]}}