{"id":61604,"date":"2020-07-09T11:21:45","date_gmt":"2020-07-09T11:21:45","guid":{"rendered":"https:\/\/radiostargjilan.com\/web\/?p=61604"},"modified":"2020-07-09T11:21:45","modified_gmt":"2020-07-09T11:21:45","slug":"mimoza-kusari-ne-diten-kur-arben-vitia-dorezoi-mandatin-ishin-vetem-5-raste-me-koronavirus","status":"publish","type":"post","link":"https:\/\/radiostargjilan.com\/web\/mimoza-kusari-ne-diten-kur-arben-vitia-dorezoi-mandatin-ishin-vetem-5-raste-me-koronavirus\/","title":{"rendered":"Mimoza Kusari: N\u00eb dit\u00ebn kur Arben Vitia dor\u00ebzoi mandatin ishin vet\u00ebm 5 raste me koronavirus"},"content":{"rendered":"<p>Deputetja Mimoza Kusari-Lila n\u00eb seanc\u00ebn e Kuvendit t\u00eb Kosov\u00ebs ka akuzuar Qeverin\u00eb Hoti p\u00ebr keqmenaxhim t\u00eb situat\u00ebs me pandemin\u00eb.<\/p>\n<p>Kusari-Lila ka th\u00ebn\u00eb se \u00ebsht\u00eb pafytyr\u00ebsi politike q\u00eb n\u00eb dit\u00ebn kur jan\u00eb 214 t\u00eb infektuar t\u00eb refuzohet miratimi i ligjit p\u00ebr pandemin\u00eb.<\/p>\n<p>Ajo ka th\u00ebn\u00eb se n\u00eb dit\u00ebn kur ish-ministri Arben Vitia u largua nga posti i tij, kishte vet\u00ebm 5 raste, gjersa ka akuzuar ministrin aktual p\u00ebr ikje nga p\u00ebrgjegj\u00ebsi, shkruan Reporteri.<\/p>\n<p>\u201c\u00cbsht\u00eb pafytyr\u00ebsi politike me ardh\u00eb n\u00eb dit\u00ebn kur jan\u00eb 214  t\u00eb infektuar n\u00eb pikun m\u00eb t\u00eb madh me e refuzu nj\u00eb ligj q\u00eb duke th\u00ebn\u00eb se nuk ka nevoj\u00eb. Pafytyr\u00ebsi politike \u00ebsht\u00eb me e marr\u00eb mandatin q\u00eb nuk t\u00eb takon, por edhe me e rreziku sh\u00ebndetin e qytetar\u00ebve e mos me marr\u00eb p\u00ebrgjegj\u00ebsi. Kur e ka dor\u00ebzu Arben Vitia mandatin kan\u00eb qen\u00eb 5 raste. Si po e dini q\u00eb m\u00eb 12 qershor ka qen\u00eb vatra e pandemis\u00eb\u201d, u shpreh ajo.<\/p>\n","protected":false},"excerpt":{"rendered":"<p>Deputetja Mimoza Kusari-Lila n\u00eb seanc\u00ebn e Kuvendit t\u00eb Kosov\u00ebs ka akuzuar Qeverin\u00eb Hoti p\u00ebr keqmenaxhim t\u00eb situat\u00ebs me pandemin\u00eb. Kusari-Lila ka th\u00ebn\u00eb se \u00ebsht\u00eb pafytyr\u00ebsi politike q\u00eb n\u00eb dit\u00ebn kur jan\u00eb 214 t\u00eb infektuar t\u00eb refuzohet miratimi i ligjit p\u00ebr pandemin\u00eb. Ajo ka th\u00ebn\u00eb se n\u00eb dit\u00ebn kur ish-ministri Arben Vitia u largua nga posti [&hellip;]<\/p>\n","protected":false},"author":1,"featured_media":61605,"comment_status":"closed","ping_status":"closed","sticky":false,"template":"","format":"standard","meta":{"footnotes":""},"categories":[5],"tags":[],"class_list":{"0":"post-61604","1":"post","2":"type-post","3":"status-publish","4":"format-standard","5":"has-post-thumbnail","7":"category-lajme"},"_links":{"self":[{"href":"https:\/\/radiostargjilan.com\/web\/wp-json\/wp\/v2\/posts\/61604","targetHints":{"allow":["GET"]}}],"collection":[{"href":"https:\/\/radiostargjilan.com\/web\/wp-json\/wp\/v2\/posts"}],"about":[{"href":"https:\/\/radiostargjilan.com\/web\/wp-json\/wp\/v2\/types\/post"}],"author":[{"embeddable":true,"href":"https:\/\/radiostargjilan.com\/web\/wp-json\/wp\/v2\/users\/1"}],"replies":[{"embeddable":true,"href":"https:\/\/radiostargjilan.com\/web\/wp-json\/wp\/v2\/comments?post=61604"}],"version-history":[{"count":0,"href":"https:\/\/radiostargjilan.com\/web\/wp-json\/wp\/v2\/posts\/61604\/revisions"}],"wp:featuredmedia":[{"embeddable":true,"href":"https:\/\/radiostargjilan.com\/web\/wp-json\/wp\/v2\/media\/61605"}],"wp:attachment":[{"href":"https:\/\/radiostargjilan.com\/web\/wp-json\/wp\/v2\/media?parent=61604"}],"wp:term":[{"taxonomy":"category","embeddable":true,"href":"https:\/\/radiostargjilan.com\/web\/wp-json\/wp\/v2\/categories?post=61604"},{"taxonomy":"post_tag","embeddable":true,"href":"https:\/\/radiostargjilan.com\/web\/wp-json\/wp\/v2\/tags?post=61604"}],"curies":[{"name":"wp","href":"https:\/\/api.w.org\/{rel}","templated":true}]}}