{"id":61767,"date":"2020-07-10T20:33:01","date_gmt":"2020-07-10T20:33:01","guid":{"rendered":"https:\/\/radiostargjilan.com\/web\/?p=61767"},"modified":"2020-07-10T20:33:01","modified_gmt":"2020-07-10T20:33:01","slug":"deputeti-i-ldk-se-i-versulet-vjosa-osmanit-ajo-e-nderpret-seancen","status":"publish","type":"post","link":"https:\/\/radiostargjilan.com\/web\/deputeti-i-ldk-se-i-versulet-vjosa-osmanit-ajo-e-nderpret-seancen\/","title":{"rendered":"Deputeti i LDK-s\u00eb i v\u00ebrsulet Vjosa Osmanit, ajo e nd\u00ebrpret seanc\u00ebn!"},"content":{"rendered":"<p>Deputeti i LDK-s\u00eb, Xhavit Ukaj i \u00ebsht\u00eb v\u00ebrsulur kryetares s\u00eb kuvendit, Vjosa Osmanit.<\/p>\n<p>\u201cNderpitet seanca per shkak te paedulates se nje deputeti\u201d, ka deklaraur Vjosa Osmani<\/p>\n","protected":false},"excerpt":{"rendered":"<p>Deputeti i LDK-s\u00eb, Xhavit Ukaj i \u00ebsht\u00eb v\u00ebrsulur kryetares s\u00eb kuvendit, Vjosa Osmanit. \u201cNderpitet seanca per shkak te paedulates se nje deputeti\u201d, ka deklaraur Vjosa Osmani<\/p>\n","protected":false},"author":1,"featured_media":61768,"comment_status":"closed","ping_status":"closed","sticky":false,"template":"","format":"standard","meta":{"footnotes":""},"categories":[5],"tags":[],"class_list":{"0":"post-61767","1":"post","2":"type-post","3":"status-publish","4":"format-standard","5":"has-post-thumbnail","7":"category-lajme"},"_links":{"self":[{"href":"https:\/\/radiostargjilan.com\/web\/wp-json\/wp\/v2\/posts\/61767","targetHints":{"allow":["GET"]}}],"collection":[{"href":"https:\/\/radiostargjilan.com\/web\/wp-json\/wp\/v2\/posts"}],"about":[{"href":"https:\/\/radiostargjilan.com\/web\/wp-json\/wp\/v2\/types\/post"}],"author":[{"embeddable":true,"href":"https:\/\/radiostargjilan.com\/web\/wp-json\/wp\/v2\/users\/1"}],"replies":[{"embeddable":true,"href":"https:\/\/radiostargjilan.com\/web\/wp-json\/wp\/v2\/comments?post=61767"}],"version-history":[{"count":0,"href":"https:\/\/radiostargjilan.com\/web\/wp-json\/wp\/v2\/posts\/61767\/revisions"}],"wp:featuredmedia":[{"embeddable":true,"href":"https:\/\/radiostargjilan.com\/web\/wp-json\/wp\/v2\/media\/61768"}],"wp:attachment":[{"href":"https:\/\/radiostargjilan.com\/web\/wp-json\/wp\/v2\/media?parent=61767"}],"wp:term":[{"taxonomy":"category","embeddable":true,"href":"https:\/\/radiostargjilan.com\/web\/wp-json\/wp\/v2\/categories?post=61767"},{"taxonomy":"post_tag","embeddable":true,"href":"https:\/\/radiostargjilan.com\/web\/wp-json\/wp\/v2\/tags?post=61767"}],"curies":[{"name":"wp","href":"https:\/\/api.w.org\/{rel}","templated":true}]}}