{"id":61845,"date":"2020-07-11T17:34:58","date_gmt":"2020-07-11T17:34:58","guid":{"rendered":"https:\/\/radiostargjilan.com\/web\/?p=61845"},"modified":"2020-07-11T17:34:58","modified_gmt":"2020-07-11T17:34:58","slug":"pse-te-na-duket-kaq-i-rende-respektimi-i-masava-parandaluese-ndaj-virusit-covid-19","status":"publish","type":"post","link":"https:\/\/radiostargjilan.com\/web\/pse-te-na-duket-kaq-i-rende-respektimi-i-masava-parandaluese-ndaj-virusit-covid-19\/","title":{"rendered":"Pse t\u00eb na duket kaq i r\u00ebnd\u00eb respektimi i masava parandaluese ndaj virusit COVID &#8211; 19?!"},"content":{"rendered":"<p>Deri m\u00eb tani, si\u00e7 e dim\u00eb t\u00eb gjith\u00eb, nuk \u00ebsht\u00eb shpikur as nj\u00eb form\u00eb tjet\u00ebr parandaluese (as sh\u00ebruese madje!) ndaj virusit COVID \u2013 19, pos respektimit t\u00eb masave t\u00eb r\u00ebndomta (por t\u00eb domosdoshme dhe efikase) parandaluese q\u00eb po p\u00ebrdor\u00ebn n\u00eb krejt bot\u00ebn virale: maska \u2013 distanca \u2013 hixhiena\u2026!<\/p>\n<p>As m\u00eb t\u00eb af\u00ebrt, as m\u00eb t\u00eb larg\u00ebt nuk b\u00ebhemi edhe n\u00ebse p\u00ebrsh\u00ebndetemi nga distanca dhe pa ia \u201ccak\u00eb\u201d dor\u00ebn nj\u00ebri tjetrit, e pa e p\u00ebrqafue; as edhe n\u00ebse ulemi bashk\u00eb.<\/p>\n<p>Mund\u00eb t\u00eb flasim shlir\u00eb dhe sa t\u2019duam e \u00e7ka t\u2019duam, edhe me maska mbi goj\u00eb.<\/p>\n<p>Sa m\u00eb shpejt ta pranojm\u00eb k\u00ebt\u00eb realitet t\u00eb ri, aq m\u00eb mir\u00eb e m\u00eb kollaj p\u00ebr secilin prej nesh, p\u00ebr t\u00eb gjith\u00eb ne. P\u00ebr sh\u00ebndetin ton\u00eb personal, n\u00eb plan t\u00eb par\u00eb, p\u00ebr rrethin ku jetojm\u00eb, gjithsesi!<\/p>\n<p>K\u00ebshtu e mposhtim edhe stresin, frik\u00ebn dhe t\u00eb gjitha dilemat p\u00ebr kt\u00eb s\u00ebmundje globale t\u00eb shekullit!<\/p>\n<p>Kaq lypset nga ne, dhe krejt e thjesht\u00eb:<br \/>\nMASK\u00cbN dhe distanc\u00ebn sociale \u2013 fizike!<br \/>\nHixhiena, e para si r\u00ebndom!<\/p>\n<p>B\u00ebjeni, ta rrisim nd\u00ebrgjegjjen, se gjith\u00e7ka varet nga sjellja jon\u00eb, nga edukata dhe disiplina!<\/p>\n<p>Sh\u00ebndet p\u00ebr t\u00eb gjith\u00eb ju njer\u00ebz t\u00eb mir\u00eb!<\/p>\n","protected":false},"excerpt":{"rendered":"<p>Deri m\u00eb tani, si\u00e7 e dim\u00eb t\u00eb gjith\u00eb, nuk \u00ebsht\u00eb shpikur as nj\u00eb form\u00eb tjet\u00ebr parandaluese (as sh\u00ebruese madje!) ndaj virusit COVID \u2013 19, pos respektimit t\u00eb masave t\u00eb r\u00ebndomta (por t\u00eb domosdoshme dhe efikase) parandaluese q\u00eb po p\u00ebrdor\u00ebn n\u00eb krejt bot\u00ebn virale: maska \u2013 distanca \u2013 hixhiena\u2026! As m\u00eb t\u00eb af\u00ebrt, as m\u00eb t\u00eb [&hellip;]<\/p>\n","protected":false},"author":1,"featured_media":61841,"comment_status":"closed","ping_status":"closed","sticky":false,"template":"","format":"standard","meta":{"footnotes":""},"categories":[5],"tags":[],"class_list":{"0":"post-61845","1":"post","2":"type-post","3":"status-publish","4":"format-standard","5":"has-post-thumbnail","7":"category-lajme"},"_links":{"self":[{"href":"https:\/\/radiostargjilan.com\/web\/wp-json\/wp\/v2\/posts\/61845","targetHints":{"allow":["GET"]}}],"collection":[{"href":"https:\/\/radiostargjilan.com\/web\/wp-json\/wp\/v2\/posts"}],"about":[{"href":"https:\/\/radiostargjilan.com\/web\/wp-json\/wp\/v2\/types\/post"}],"author":[{"embeddable":true,"href":"https:\/\/radiostargjilan.com\/web\/wp-json\/wp\/v2\/users\/1"}],"replies":[{"embeddable":true,"href":"https:\/\/radiostargjilan.com\/web\/wp-json\/wp\/v2\/comments?post=61845"}],"version-history":[{"count":0,"href":"https:\/\/radiostargjilan.com\/web\/wp-json\/wp\/v2\/posts\/61845\/revisions"}],"wp:featuredmedia":[{"embeddable":true,"href":"https:\/\/radiostargjilan.com\/web\/wp-json\/wp\/v2\/media\/61841"}],"wp:attachment":[{"href":"https:\/\/radiostargjilan.com\/web\/wp-json\/wp\/v2\/media?parent=61845"}],"wp:term":[{"taxonomy":"category","embeddable":true,"href":"https:\/\/radiostargjilan.com\/web\/wp-json\/wp\/v2\/categories?post=61845"},{"taxonomy":"post_tag","embeddable":true,"href":"https:\/\/radiostargjilan.com\/web\/wp-json\/wp\/v2\/tags?post=61845"}],"curies":[{"name":"wp","href":"https:\/\/api.w.org\/{rel}","templated":true}]}}