{"id":61910,"date":"2020-07-12T15:50:31","date_gmt":"2020-07-12T15:50:31","guid":{"rendered":"https:\/\/radiostargjilan.com\/web\/?p=61910"},"modified":"2020-07-12T15:50:31","modified_gmt":"2020-07-12T15:50:31","slug":"ismajli-falenderon-kryeministrin-hoti-per-mos-shpalljen-e-gjendjes-se-jashtezakonshme","status":"publish","type":"post","link":"https:\/\/radiostargjilan.com\/web\/ismajli-falenderon-kryeministrin-hoti-per-mos-shpalljen-e-gjendjes-se-jashtezakonshme\/","title":{"rendered":"Ismajli falenderon kryeministrin Hoti, p\u00ebr mos shpalljen e gjendjes s\u00eb jasht\u00ebzakonshme"},"content":{"rendered":"<p>N\u00ebnkryetari i Gjilanit, Arb\u00ebr Ismajli, p\u00ebrmes nj\u00eb postimi n\u00eb facebook, ka falenderuar kryeministrin Hoti, i cili ka marr\u00eb konsiderat\u00eb t\u00eb shqet\u00ebsimeve dhe brengave tona, e rrjedhimisht, t\u00eb qytetar\u00ebve dhe bizneseve shkruan Radio Star.<\/p>\n<p>Postimi i plot\u00eb:<\/p>\n<p>Faleminderit kryeministrit t\u00eb Republik\u00ebs, Dr. Avdullah Hoti, lidhur me marrjen n\u00eb konsiderat\u00eb t\u00eb shqet\u00ebsimeve dhe brengave tona, e rrjedhimisht, t\u00eb qytetar\u00ebve dhe bizneseve, lidhur me mos shpalljen e gjendjes s\u00eb jasht\u00ebzakonshme, ku n\u00eb k\u00ebt\u00eb m\u00ebnyr\u00eb do t\u00eb kufizohej edhe m\u00eb shum\u00eb qarkullimi i ekonomis\u00eb vendore, dhe do t\u00eb r\u00ebndohet gjendja socio-ekonomike e qytetar\u00ebve tan\u00eb. Gjithashtu, shpresojm\u00eb q\u00eb t\u00eb rikthehet orari i plot\u00eb edhe p\u00ebr funksionimin e gastronomive, por, duke v\u00ebn\u00eb kontrolla m\u00eb t\u00eb m\u00ebdha lidhur me respektimin e masave t\u00eb dh\u00ebna p\u00ebr to.<\/p>\n<p>Sipas mbledhjes se K\u00ebshillit t\u00eb Siguris\u00eb, masat q\u00eb do t\u00eb nd\u00ebrmerren do t\u00eb jen\u00eb masa shtes\u00eb dhe me rigorozitet t\u00eb plot\u00eb, me q\u00ebllim t\u00eb arritjes s\u00eb nj\u00eb rezultati duksh\u00ebm m\u00eb t\u00eb vog\u00ebl t\u00eb rasteve me COVID19. Tashm\u00eb, do ta presim edhe mbledhjen e Qeveris\u00eb p\u00ebr t\u2019i par\u00eb se cilat do t\u00eb jen\u00eb k\u00ebto masa. Gjithashtu, ju b\u00ebjm\u00eb apel t\u00eb gjith\u00eb qytetar\u00ebve, bizneseve, q\u00eb t\u2019i respektojn\u00eb rekomandimet e dh\u00ebna nga IKSHP-ja dhe Ministria e Sh\u00ebndet\u00ebsis\u00eb. <\/p>\n<p>Nd\u00ebrsa, t\u00eb prekurve me COVID19, e sidomos familjar\u00ebve t\u00eb cil\u00ebt jetojn\u00eb n\u00eb nj\u00eb bashk\u00ebsi me t\u00eb prekurit, ju b\u00ebjm\u00eb lutje t\u00eb vazhdueshme, q\u00eb t\u00eb vet\u00eb-izolohen p\u00ebr 14 dit\u00eb dhe t\u00eb mos tentojn\u00eb t\u00eb dalin jasht\u00eb para k\u00ebsaj kohe. Koha \u00ebsht\u00eb e art\u00eb p\u00ebr t\u00eb gjith\u00eb qytetar\u00ebt dhe ekonomin\u00eb vendore. T\u2019i kontribuojm\u00eb situat\u00ebs bashk\u00ebrisht, n\u00eb m\u00ebnyr\u00eb q\u00eb sa m\u00eb par\u00eb t\u00eb dalim nga kjo gjendje.<\/p>\n<p>#bashkeiadalim<\/p>\n","protected":false},"excerpt":{"rendered":"<p>N\u00ebnkryetari i Gjilanit, Arb\u00ebr Ismajli, p\u00ebrmes nj\u00eb postimi n\u00eb facebook, ka falenderuar kryeministrin Hoti, i cili ka marr\u00eb konsiderat\u00eb t\u00eb shqet\u00ebsimeve dhe brengave tona, e rrjedhimisht, t\u00eb qytetar\u00ebve dhe bizneseve shkruan Radio Star. Postimi i plot\u00eb: Faleminderit kryeministrit t\u00eb Republik\u00ebs, Dr. Avdullah Hoti, lidhur me marrjen n\u00eb konsiderat\u00eb t\u00eb shqet\u00ebsimeve dhe brengave tona, e rrjedhimisht, [&hellip;]<\/p>\n","protected":false},"author":1,"featured_media":61911,"comment_status":"closed","ping_status":"closed","sticky":false,"template":"","format":"standard","meta":{"footnotes":""},"categories":[5],"tags":[],"class_list":{"0":"post-61910","1":"post","2":"type-post","3":"status-publish","4":"format-standard","5":"has-post-thumbnail","7":"category-lajme"},"_links":{"self":[{"href":"https:\/\/radiostargjilan.com\/web\/wp-json\/wp\/v2\/posts\/61910","targetHints":{"allow":["GET"]}}],"collection":[{"href":"https:\/\/radiostargjilan.com\/web\/wp-json\/wp\/v2\/posts"}],"about":[{"href":"https:\/\/radiostargjilan.com\/web\/wp-json\/wp\/v2\/types\/post"}],"author":[{"embeddable":true,"href":"https:\/\/radiostargjilan.com\/web\/wp-json\/wp\/v2\/users\/1"}],"replies":[{"embeddable":true,"href":"https:\/\/radiostargjilan.com\/web\/wp-json\/wp\/v2\/comments?post=61910"}],"version-history":[{"count":0,"href":"https:\/\/radiostargjilan.com\/web\/wp-json\/wp\/v2\/posts\/61910\/revisions"}],"wp:featuredmedia":[{"embeddable":true,"href":"https:\/\/radiostargjilan.com\/web\/wp-json\/wp\/v2\/media\/61911"}],"wp:attachment":[{"href":"https:\/\/radiostargjilan.com\/web\/wp-json\/wp\/v2\/media?parent=61910"}],"wp:term":[{"taxonomy":"category","embeddable":true,"href":"https:\/\/radiostargjilan.com\/web\/wp-json\/wp\/v2\/categories?post=61910"},{"taxonomy":"post_tag","embeddable":true,"href":"https:\/\/radiostargjilan.com\/web\/wp-json\/wp\/v2\/tags?post=61910"}],"curies":[{"name":"wp","href":"https:\/\/api.w.org\/{rel}","templated":true}]}}