{"id":61915,"date":"2020-07-12T17:18:10","date_gmt":"2020-07-12T17:18:10","guid":{"rendered":"https:\/\/radiostargjilan.com\/web\/?p=61915"},"modified":"2020-07-12T17:18:10","modified_gmt":"2020-07-12T17:18:10","slug":"rrisni-vigjilencen-mos-te-izolohemi-serish","status":"publish","type":"post","link":"https:\/\/radiostargjilan.com\/web\/rrisni-vigjilencen-mos-te-izolohemi-serish\/","title":{"rendered":"Rrisni vigjilenc\u00ebn, mos t\u00eb izolohemi s\u00ebrish"},"content":{"rendered":"<p>Shkruan: Emrush T.Shkodra<\/p>\n<p>Jeta \u00ebsht\u00eb nj\u00eb kryevep\u00ebr q\u00eb \u00ebsht\u00eb projektuar t\u00eb shijohet dhe jetohet n\u00eb k\u00ebt\u00eb bot\u00eb, e jo t\u00eb n\u00ebp\u00ebrk\u00ebmbet me mos d\u00ebgjueshm\u00ebrit\u00eb prej nj\u00eb kryene\u00e7\u00ebsie!<br \/>\nJeta jon\u00eb nuk e ka vler\u00ebn e saj t\u00eb plot\u00eb n\u00ebse ne nxjerrim nga ajo v\u00ebshtir\u00ebsit\u00eb p\u00ebr t\u00eb ekzistuar mir\u00eb dhe normalisht.<\/p>\n<p>Nj\u00eb jet\u00eb ideale do t\u00eb ishte nj\u00eb begati dhe nj\u00eb pasuri e madhe p\u00ebr vitet t\u00eb cilat n\u00eb jemi duke jetuar, dhe si rrjedhoj\u00eb e k\u00ebsaj n\u00ebse ne nuk e kemi sh\u00ebndetin dhe mir\u00ebqenien ton\u00eb sociale, at\u00ebher\u00eb asgj\u00eb s\u2019do t\u00eb mund t\u00eb kompensoj\u00eb shijimin e t\u00eb mirave q\u00eb na ofrohen n\u00eb ket\u00eb jet\u00eb.<br \/>\nL\u00ebreni folklorizmat, hiqu individ\u00ebve populist dhe atyre q\u00eb b\u00ebjn\u00eb thirrje t\u00eb kund\u00ebrt me ato q\u00eb b\u00ebjn\u00eb institucionet shtet\u00ebrore.<br \/>\nProfesionist\u00ebt, institucionet dhe ata q\u00eb kan\u00eb njohurin\u00eb p\u00ebr pasojat e shkaktuara nga virusi, dhe m\u00ebnyr\u00ebn si mundet ai me d\u00ebmtuar rehatin\u00eb e jet\u00ebs, po k\u00ebrkojn\u00eb nga ne t\u00eb shijojm\u00eb jet\u00ebn duke mos u futur n\u00ebp\u00ebr karantina dhe izolim t\u00eb serish\u00ebm, por po k\u00ebrkohet nj\u00eb vigjilenc\u00eb pak me e shtuar, duke ndikuar q\u00eb ne t\u00eb rrisim vet\u00ebdijesimin dhe t\u00eb jemi t\u00eb zot\u00ebt e kontrollit t\u00eb vet\u00ebs son\u00eb, familjes dhe shoq\u00ebris\u00eb.<\/p>\n<p>Prandaj jeta \u00ebsht\u00eb m\u00eb e vlefshme se e kund\u00ebrta e saj, vdekja!<\/p>\n<p>Ne do t\u00eb duhej luftojm\u00eb p\u00ebr jet\u00ebn, p\u00ebr t\u00eb mirat e saj dhe si rrjedhoj\u00eb e k\u00ebsaj do t\u00eb duhej t\u00eb g\u00ebzojm\u00eb ato q\u00eb i sjell ajo.<br \/>\nMos lejojm\u00eb t\u00eb rr\u00ebshqasim drejt\u00eb vdekjes, me ose pa vet\u00ebdije!<br \/>\nNuk \u00ebsht\u00eb n\u00eb pyetje vet\u00ebm ekzistenca jote, \u00ebsht\u00eb f\u00ebmija, jan\u00eb prind\u00ebt e moshuar, \u00ebsht\u00eb familja, fqinj\u00ebt, rrethi, \u00ebsht\u00eb vendi q\u00eb rrezikohen nga krenaria jote e tep\u00ebrt!<br \/>\nAndaj kujdes nga covid19, Kosova po e humb betej\u00ebn me virusin!<br \/>\nVendi po shkon s\u00ebrish drejt izolimit, Evropa po na penalizon dhe po na izolon po ashtu.<br \/>\nDiaspora jon\u00eb po na bojkoton me shum\u00eb t\u00eb drejt\u00eb, sepse po b\u00ebhemi vatra e infeksionit covid91.<\/p>\n<p>A e kuptoni \u00e7far\u00eb impakti negativ do t\u00eb ket\u00eb kjo mosardhje e tyre sivjet, kurba e r\u00ebnies do t\u00eb ndikon n\u00eb t\u00eb gjitha sferat p\u00ebr faktin e vet\u00ebm q\u00eb mbi 900 milion euro t\u00eb kalkuluara si mjete financiare q\u00eb futen si form\u00eb e turizmit nga ardhja e bashkatdhetar\u00ebve.<\/p>\n<p>Shkenca po lufton duke u munduar t\u00eb shp\u00ebtoj\u00eb sa m\u00eb shum\u00eb shpirtra, dhe po lufton m\u00eb t\u00eb plotfuqishmin, dhe n\u00eb fund po humb betej\u00ebn p\u00ebrball nj\u00eb virusi q\u00eb p\u00ebrve\u00e7 kujdesit q\u00eb po k\u00ebrkohet nga ne, asgj\u00eb tjet\u00ebr s\u2019po duhet!<\/p>\n<p>Mos lejo q\u00eb dita jote t\u00eb filloj m\u00eb lajme t\u00eb k\u00ebqija!<br \/>\nMos lejo t\u00eb kthejn\u00eb s\u00ebrish n\u00eb izolim dhe gjendje t\u00eb jasht\u00ebzakonshme!<\/p>\n<p>Mjek\u00ebt edhe pak kan\u00eb me mundur t\u00eb ndihmojn\u00eb qytetar\u00ebt, p\u00ebr nj\u00eb koh\u00eb t\u00eb shkurt\u00eb nuk ke me mundur ti shoh\u00ebsh m\u00eb as p\u00ebr s\u00ebmundje tjera, prandaj vlera e tyre \u00ebsht\u00eb imanente n\u00eb dit\u00ebt e sodit.<br \/>\nJeta \u00ebsht\u00eb si nj\u00eb rrjedh\u00eb lumi, nuk mund t\u00eb prek\u00ebsh t\u00eb nj\u00ebjt\u00ebn rrjedh\u00eb dy her\u00eb, sepse rrjedha q\u00eb kalon nuk kthehet s\u00ebrish, ajo thjesht\u00eb ka ikur!<\/p>\n<p>Nuk i ke dy jet\u00eb, dhe i vetmi vend ku s\u2019t\u00eb duhet bilet\u00eb kthyese \u00ebsht\u00eb bota e amshuar!<\/p>\n<p>Andaj virusi \u00ebsht\u00eb n\u00eb vlugun e tij t\u00eb rritjes, dhe kjo shpresojm\u00eb t\u00eb mos zgjat\u00eb shum\u00eb, neve na mbetet q\u00eb t\u00eb respektojm\u00eb masat:<\/p>\n<p>Pra, respektoni masat:<\/p>\n<p>1.Mbani higjien\u00ebn personale<br \/>\n2.Mbani distanc\u00ebn fizike<br \/>\n3.P\u00ebrdorni maskat mbrojt\u00ebse<\/p>\n<p>Po k\u00ebrkohet, respektojeni!<br \/>\nSepse n\u00ebse \u00ebsht\u00eb vendos me d\u00ebrguar vendin drejt izolimit, dhe gjendjes s\u00eb jasht\u00ebzakonshme, bile mos t\u00eb na marrin neve si arsyetim dhe pretekst!<\/p>\n<p>Kuptojeni n\u00eb \u00e7\u2018 pik\u00eb kemi ardhur?!<br \/>\nAsgj\u00eb nuk funksionon, b\u00ebhu i kujdessh\u00ebm ndaj vet\u00ebs, f\u00ebmij\u00ebve, familjes!<\/p>\n","protected":false},"excerpt":{"rendered":"<p>Shkruan: Emrush T.Shkodra Jeta \u00ebsht\u00eb nj\u00eb kryevep\u00ebr q\u00eb \u00ebsht\u00eb projektuar t\u00eb shijohet dhe jetohet n\u00eb k\u00ebt\u00eb bot\u00eb, e jo t\u00eb n\u00ebp\u00ebrk\u00ebmbet me mos d\u00ebgjueshm\u00ebrit\u00eb prej nj\u00eb kryene\u00e7\u00ebsie! Jeta jon\u00eb nuk e ka vler\u00ebn e saj t\u00eb plot\u00eb n\u00ebse ne nxjerrim nga ajo v\u00ebshtir\u00ebsit\u00eb p\u00ebr t\u00eb ekzistuar mir\u00eb dhe normalisht. Nj\u00eb jet\u00eb ideale do t\u00eb ishte [&hellip;]<\/p>\n","protected":false},"author":1,"featured_media":61916,"comment_status":"closed","ping_status":"closed","sticky":false,"template":"","format":"standard","meta":{"footnotes":""},"categories":[5],"tags":[],"class_list":{"0":"post-61915","1":"post","2":"type-post","3":"status-publish","4":"format-standard","5":"has-post-thumbnail","7":"category-lajme"},"_links":{"self":[{"href":"https:\/\/radiostargjilan.com\/web\/wp-json\/wp\/v2\/posts\/61915","targetHints":{"allow":["GET"]}}],"collection":[{"href":"https:\/\/radiostargjilan.com\/web\/wp-json\/wp\/v2\/posts"}],"about":[{"href":"https:\/\/radiostargjilan.com\/web\/wp-json\/wp\/v2\/types\/post"}],"author":[{"embeddable":true,"href":"https:\/\/radiostargjilan.com\/web\/wp-json\/wp\/v2\/users\/1"}],"replies":[{"embeddable":true,"href":"https:\/\/radiostargjilan.com\/web\/wp-json\/wp\/v2\/comments?post=61915"}],"version-history":[{"count":0,"href":"https:\/\/radiostargjilan.com\/web\/wp-json\/wp\/v2\/posts\/61915\/revisions"}],"wp:featuredmedia":[{"embeddable":true,"href":"https:\/\/radiostargjilan.com\/web\/wp-json\/wp\/v2\/media\/61916"}],"wp:attachment":[{"href":"https:\/\/radiostargjilan.com\/web\/wp-json\/wp\/v2\/media?parent=61915"}],"wp:term":[{"taxonomy":"category","embeddable":true,"href":"https:\/\/radiostargjilan.com\/web\/wp-json\/wp\/v2\/categories?post=61915"},{"taxonomy":"post_tag","embeddable":true,"href":"https:\/\/radiostargjilan.com\/web\/wp-json\/wp\/v2\/tags?post=61915"}],"curies":[{"name":"wp","href":"https:\/\/api.w.org\/{rel}","templated":true}]}}