{"id":61965,"date":"2020-07-13T13:37:21","date_gmt":"2020-07-13T13:37:21","guid":{"rendered":"https:\/\/radiostargjilan.com\/web\/?p=61965"},"modified":"2020-07-13T13:37:21","modified_gmt":"2020-07-13T13:37:21","slug":"isufi-rritja-dhe-shtrirja-e-covidit-19-vazhdon-edhe-ne-gjilan","status":"publish","type":"post","link":"https:\/\/radiostargjilan.com\/web\/isufi-rritja-dhe-shtrirja-e-covidit-19-vazhdon-edhe-ne-gjilan\/","title":{"rendered":"Isufi: Rritja dhe shtrirja  e Covidit 19 vazhdon edhe n\u00eb Gjilan"},"content":{"rendered":"<p>Vazhdon gjendja e p\u00ebrkeq\u00ebsimit me virusin covid 19. Gjendja nuk p\u00ebrmir\u00ebsohet me fotografi e fjal\u00eb, por me veprime konkrete.  Gjithnj\u00eb e m\u00eb shum\u00eb po b\u00ebhemi numra t\u00eb statistikave. N\u00eb koh\u00ebn e qeverisjes s\u00eb Kryeministrit Albin Kurti, thoshin se nuk po b\u00ebhen teste t\u00eb mjaftueshme, p\u00ebrkund\u00ebr faktit q\u00eb testoheshin edhe personat e kontaktuar nga t\u00eb infektuarit, nd\u00ebrsa tash le q\u00eb kontaktet nuk dihen, por edhe sikur t\u00eb dihen ata nuk mund t\u00eb testohen. Mund t\u00eb testohen vet\u00ebm ata q\u00eb kan\u00eb simptoma, madje as kjo nuk \u00ebsht\u00eb e sigurt, nd\u00ebrsa asimptomatik\u00ebve, deri sa t\u2019u shfaqen simptomat, mund t\u00eb infektojn\u00eb m\u00eb s\u00eb paku me dhjet\u00ebra e dhjet\u00ebra njer\u00ebz. Ec e gjej  pastaj fillin dhe fundin. <\/p>\n<p>Nuk ka asnj\u00eb  element q\u00eb tregon seriozitet n\u00eb udh\u00ebheqjen e mbik\u00ebqyrjen e pandemis\u00eb. Rekomandimet e dh\u00ebna nga IKSHPK duhet t\u2019i v\u00eb dikush n\u00eb zbatim e dikush duhet t\u00eb b\u00ebj\u00eb kontroll.  Ne  vendet publike s\u2019ka respektim t\u00eb masave, s\u2019ka maska, s\u2019ka distanc\u00eb?! Lokalet, kafiterit\u00eb  s\u2019kan\u00eb p\u00ebrshtatur hap\u00ebsirat n\u00eb baz\u00eb t\u00eb rekomandimeve. Inspeksionet jo funksionale, ose veprimet e tyre po mbesin t\u00eb pa v\u00ebrejtshme.<br \/>\nN\u00eb lokale publike mbahen ahengje, mbr\u00ebmje shoq\u00ebrore e mbr\u00ebmje mature (edhe pse jo me leje zyrtare). Ku jan\u00eb organet tona q\u00eb nuk veprojn\u00eb? Ku jan\u00eb masat e rekomanduara? Ku jan\u00eb mbik\u00ebqyr\u00ebsit? E kujt \u00ebsht\u00eb p\u00ebrgjegj\u00ebsia?!<br \/>\nN\u00ebse \u00e7do dit\u00eb nga t\u00eb testuarit, (nd\u00ebrsa mund\u00ebsit\u00eb por edhe testet jan\u00eb t\u00eb kufizuara) m\u00eb tep\u00ebr se 50% dalin pozitiv\u00eb, n\u00ebnkupton se n\u00ebse brenda dit\u00ebs testohen 500 veta, 250 nga ta dalin pozitiv\u00eb. Numri i t\u00eb vdekurve p\u00ebr \u00e7do dit\u00eb, po ashtu \u00ebsht\u00eb n\u00eb rritje.<br \/>\nNj\u00eb problem tjet\u00ebr \u00ebsht\u00eb vonesa e rezultateve t\u00eb testeve, t\u00eb cilat vonohen nga 4 e 5 dit\u00eb. Kjo \u00ebsht\u00eb nj\u00eb element tjet\u00ebr r\u00ebndues i situat\u00ebs me virusin Covid 19, si n\u00eb gjith\u00eb Republik\u00ebn ashtu edhe n\u00eb komun\u00ebn ton\u00eb.<br \/>\nKur mungon strategjia, kredibileti dhe veprimi i institucioneve p\u00ebrkat\u00ebse, gjith\u00e7ka mbetet n\u00eb nd\u00ebrgjegjen, vet\u00ebdijen, vullnetin personale e grupor t\u00eb qytetar\u00ebve. E kjo \u00ebsht\u00eb skajshm\u00ebrisht\u00eb e pamjaftueshme.<br \/>\n Jeta e njer\u00ebzve \u00ebsht\u00eb e pa rikthyeshme, prandaj p\u00ebrkushtimi n\u00eb ruajtjen e saj, s\u2019do duhej t\u00eb kishte asnj\u00eb alternativ\u00eb. K\u00ebt\u00eb e b\u00ebri Qeveria Kurti dhe Ministri Arben Vitia. K\u00ebt\u00eb vet\u00ebm smirzinjt\u00eb nuk e pranojn\u00eb.<br \/>\nE tash, a  jemi n\u00eb dor\u00eb t\u00eb fatit a fatkeq\u00ebsis\u00eb?!<\/p>\n","protected":false},"excerpt":{"rendered":"<p>Vazhdon gjendja e p\u00ebrkeq\u00ebsimit me virusin covid 19. Gjendja nuk p\u00ebrmir\u00ebsohet me fotografi e fjal\u00eb, por me veprime konkrete. Gjithnj\u00eb e m\u00eb shum\u00eb po b\u00ebhemi numra t\u00eb statistikave. N\u00eb koh\u00ebn e qeverisjes s\u00eb Kryeministrit Albin Kurti, thoshin se nuk po b\u00ebhen teste t\u00eb mjaftueshme, p\u00ebrkund\u00ebr faktit q\u00eb testoheshin edhe personat e kontaktuar nga t\u00eb infektuarit, [&hellip;]<\/p>\n","protected":false},"author":1,"featured_media":61966,"comment_status":"closed","ping_status":"closed","sticky":false,"template":"","format":"standard","meta":{"footnotes":""},"categories":[5],"tags":[],"class_list":{"0":"post-61965","1":"post","2":"type-post","3":"status-publish","4":"format-standard","5":"has-post-thumbnail","7":"category-lajme"},"_links":{"self":[{"href":"https:\/\/radiostargjilan.com\/web\/wp-json\/wp\/v2\/posts\/61965","targetHints":{"allow":["GET"]}}],"collection":[{"href":"https:\/\/radiostargjilan.com\/web\/wp-json\/wp\/v2\/posts"}],"about":[{"href":"https:\/\/radiostargjilan.com\/web\/wp-json\/wp\/v2\/types\/post"}],"author":[{"embeddable":true,"href":"https:\/\/radiostargjilan.com\/web\/wp-json\/wp\/v2\/users\/1"}],"replies":[{"embeddable":true,"href":"https:\/\/radiostargjilan.com\/web\/wp-json\/wp\/v2\/comments?post=61965"}],"version-history":[{"count":0,"href":"https:\/\/radiostargjilan.com\/web\/wp-json\/wp\/v2\/posts\/61965\/revisions"}],"wp:featuredmedia":[{"embeddable":true,"href":"https:\/\/radiostargjilan.com\/web\/wp-json\/wp\/v2\/media\/61966"}],"wp:attachment":[{"href":"https:\/\/radiostargjilan.com\/web\/wp-json\/wp\/v2\/media?parent=61965"}],"wp:term":[{"taxonomy":"category","embeddable":true,"href":"https:\/\/radiostargjilan.com\/web\/wp-json\/wp\/v2\/categories?post=61965"},{"taxonomy":"post_tag","embeddable":true,"href":"https:\/\/radiostargjilan.com\/web\/wp-json\/wp\/v2\/tags?post=61965"}],"curies":[{"name":"wp","href":"https:\/\/api.w.org\/{rel}","templated":true}]}}