{"id":61968,"date":"2020-07-13T13:53:31","date_gmt":"2020-07-13T13:53:31","guid":{"rendered":"https:\/\/radiostargjilan.com\/web\/?p=61968"},"modified":"2020-07-13T13:53:31","modified_gmt":"2020-07-13T13:53:31","slug":"kthehet-kufizimi-i-levizjes-se-qytetareve-ne-gjilan-pas-shume-rasteve-me-covid-19","status":"publish","type":"post","link":"https:\/\/radiostargjilan.com\/web\/kthehet-kufizimi-i-levizjes-se-qytetareve-ne-gjilan-pas-shume-rasteve-me-covid-19\/","title":{"rendered":"Kthehet kufizimi i l\u00ebvizjes s\u00eb qytetar\u00ebve n\u00eb Gjilan pas shum\u00eb rasteve me Covid-19"},"content":{"rendered":"<p>Pas rasteve t\u00eb shumta me Covid-19 dit\u00ebt e fundit, si n\u00eb num\u00ebr t\u00eb rasteve pozitive, ashtu edhe n\u00eb viktima, qeveria e Kosov\u00ebs ka rikthyer disa masa t\u00eb kufizimit t\u00eb l\u00ebvizjes s\u00eb qytetar\u00ebve, n\u00eb 4 komuna tjera t\u00eb Kosov\u00ebs, n\u00eb Mitrovic\u00eb t\u00eb Jugut, Gjilan, Fush\u00eb Kosov\u00eb dhe Sht\u00ebrpc\u00eb, tash e tutje nuk mund t\u00eb l\u00ebvizin nga ora 21:00 deri n\u00eb or\u00ebn 05:00 shkruan Radio Star.<\/p>\n<p>Kryetari i Gjilanit, Lutfi Haziri si dhe n\u00ebnkryetari Arb\u00ebr Ismajli, kishin insistuar q\u00eb qyteti i Gjilanit, mos t\u00eb ket\u00eb kufizim t\u00eb l\u00ebvizjes por qeveria e Kosov\u00ebs ka vendosur se nga n\u00eb ora 21:00 nuk mund t\u00eb l\u00ebvizin deri n\u00eb ora 05:00 e m\u00ebngjesit.<\/p>\n<p>Shum\u00eb qytetar\u00eb nuk e kan\u00eb mir\u00ebpritur k\u00ebt\u00eb vendim pasi q\u00eb Gjilani, nuk ka num\u00ebr t\u00eb madh\u00eb t\u00eb rasteve, qytetar\u00ebt thon\u00eb se ne nuk mund t\u00eb krahasohemi me qytetin e Prishtin\u00ebs, n\u00ebnkryetari i Gjilanit, Arb\u00ebr Ismajli, n\u00eb nj\u00eb konferenc\u00eb pati th\u00ebn\u00eb se situat\u00ebn jan\u00eb duke e menaxhuar dhe nuk \u00ebsht\u00eb jasht\u00ebkontrollit.\/RadioStar\/<\/p>\n","protected":false},"excerpt":{"rendered":"<p>Pas rasteve t\u00eb shumta me Covid-19 dit\u00ebt e fundit, si n\u00eb num\u00ebr t\u00eb rasteve pozitive, ashtu edhe n\u00eb viktima, qeveria e Kosov\u00ebs ka rikthyer disa masa t\u00eb kufizimit t\u00eb l\u00ebvizjes s\u00eb qytetar\u00ebve, n\u00eb 4 komuna tjera t\u00eb Kosov\u00ebs, n\u00eb Mitrovic\u00eb t\u00eb Jugut, Gjilan, Fush\u00eb Kosov\u00eb dhe Sht\u00ebrpc\u00eb, tash e tutje nuk mund t\u00eb l\u00ebvizin nga [&hellip;]<\/p>\n","protected":false},"author":1,"featured_media":61969,"comment_status":"closed","ping_status":"closed","sticky":false,"template":"","format":"standard","meta":{"footnotes":""},"categories":[5],"tags":[],"class_list":{"0":"post-61968","1":"post","2":"type-post","3":"status-publish","4":"format-standard","5":"has-post-thumbnail","7":"category-lajme"},"_links":{"self":[{"href":"https:\/\/radiostargjilan.com\/web\/wp-json\/wp\/v2\/posts\/61968","targetHints":{"allow":["GET"]}}],"collection":[{"href":"https:\/\/radiostargjilan.com\/web\/wp-json\/wp\/v2\/posts"}],"about":[{"href":"https:\/\/radiostargjilan.com\/web\/wp-json\/wp\/v2\/types\/post"}],"author":[{"embeddable":true,"href":"https:\/\/radiostargjilan.com\/web\/wp-json\/wp\/v2\/users\/1"}],"replies":[{"embeddable":true,"href":"https:\/\/radiostargjilan.com\/web\/wp-json\/wp\/v2\/comments?post=61968"}],"version-history":[{"count":0,"href":"https:\/\/radiostargjilan.com\/web\/wp-json\/wp\/v2\/posts\/61968\/revisions"}],"wp:featuredmedia":[{"embeddable":true,"href":"https:\/\/radiostargjilan.com\/web\/wp-json\/wp\/v2\/media\/61969"}],"wp:attachment":[{"href":"https:\/\/radiostargjilan.com\/web\/wp-json\/wp\/v2\/media?parent=61968"}],"wp:term":[{"taxonomy":"category","embeddable":true,"href":"https:\/\/radiostargjilan.com\/web\/wp-json\/wp\/v2\/categories?post=61968"},{"taxonomy":"post_tag","embeddable":true,"href":"https:\/\/radiostargjilan.com\/web\/wp-json\/wp\/v2\/tags?post=61968"}],"curies":[{"name":"wp","href":"https:\/\/api.w.org\/{rel}","templated":true}]}}