{"id":63084,"date":"2020-07-31T13:33:29","date_gmt":"2020-07-31T13:33:29","guid":{"rendered":"https:\/\/radiostargjilan.com\/web\/?p=63084"},"modified":"2020-07-31T13:33:29","modified_gmt":"2020-07-31T13:33:29","slug":"zemaj-te-mos-perdoret-politikisht-situata-me-covid-19-dhe-te-mos-manipulohet-me-numrin-e-vdekjeve","status":"publish","type":"post","link":"https:\/\/radiostargjilan.com\/web\/zemaj-te-mos-perdoret-politikisht-situata-me-covid-19-dhe-te-mos-manipulohet-me-numrin-e-vdekjeve\/","title":{"rendered":"Zemaj: T\u00eb mos p\u00ebrdoret politikisht situata me COVID-19 dhe t\u00eb mos manipulohet me numrin e vdekjeve"},"content":{"rendered":"<p>Vet\u00ebm nj\u00eb dit\u00eb pasi pati pretendime se situata n\u00eb Spitalin e P\u00ebrgjithsh\u00ebm n\u00eb Gjakov\u00eb ka dal\u00eb jasht\u00eb kontrollit dhe debatit p\u00ebr numrin e vdekjeve, Ministri i Sh\u00ebndet\u00ebsis\u00eb, Armend Zemaj ka vizituar k\u00ebt\u00eb spital.<\/p>\n<p>Zemaj ka b\u00ebr\u00eb thirrje p\u00ebr kujdes t\u00eb shtuar q\u00eb t\u00eb mos r\u00ebndohet sistemi sh\u00ebndet\u00ebsor, derisa ka apeluar q\u00eb kjo situat\u00eb t\u00eb mos p\u00ebrdoret politikisht dhe q\u00eb t\u00eb mos manipulohet me numrin e t\u00eb vdekurve.<\/p>\n<p>\u201cQ\u00eb ky sistem t\u00eb mos r\u00ebndohet, b\u00ebj thirrje q\u00eb t\u00eb ket\u00eb kujdes t\u00eb shtuar dhe gjithashtu apeloj q\u00eb kjo situat\u00eb t\u00eb mos p\u00ebrdoret politikisht dhe t\u00eb mos manipulohet me numrin e vdekjeve. Beteja jon\u00eb politike nuk duhet t\u00eb b\u00ebhet n\u00eb situat\u00eb t\u00eb till\u00eb fragjile\u201d, ka shkruar Zemaj.<\/p>\n<p>Ai u ka shprehur ngush\u00ebllime familjeve t\u00eb tre personave q\u00eb vdiq\u00ebn dje.<\/p>\n<p>\u201cDje, n\u00eb komun\u00ebn e Gjakov\u00ebs, fatkeq\u00ebsisht jan\u00eb sh\u00ebnuar 3 viktima, familjeve t\u00eb t\u00eb cil\u00ebve ju shpreh ngushllimet e mia m\u00eb t\u00eb sinqerta. N\u00eb mesin e viktimave ishte edhe mjeku dhe an\u00ebtari i Kuvendit t\u00eb Od\u00ebs s\u00eb Mjek\u00ebve t\u00eb Kosov\u00ebs, z. Kujtim Zarari. T\u00eb gjitha humbjet jan\u00eb t\u00eb dhimbshme, por kur humbin njer\u00ebzit e vij\u00ebs s\u00eb par\u00eb n\u00eb front, dob\u00ebsohet i gjith\u00eb sistemi q\u00eb po lufton \u00e7do dit\u00eb p\u00ebr t\u00eb na shp\u00ebtuar\u201d, ka shkruar Zemaj.<\/p>\n<p>Ndryshe, deputeti i L\u00ebvizjes Vet\u00ebvendosje Agon Batusha ka shkruar dje se pes\u00eb persona kan\u00eb vdekur nga koronavirusi n\u00eb spitalin e Gjakov\u00ebs p\u00ebr dy or\u00eb.<\/p>\n<p>Batusha ka shkruar n\u00eb Facebook se situata me koronavirusin \u00ebsht\u00eb jasht\u00eb \u00e7do kontrolli.<\/p>\n<p>\u201c5 vdekje nga COVID-19 brenda dy or\u00ebsh n\u00eb Spitalin e Gjakov\u00ebs. Situata \u00ebsht\u00eb jasht\u00eb \u00e7do kontrolli\u201d, ka shkruar ai.<\/p>\n","protected":false},"excerpt":{"rendered":"<p>Vet\u00ebm nj\u00eb dit\u00eb pasi pati pretendime se situata n\u00eb Spitalin e P\u00ebrgjithsh\u00ebm n\u00eb Gjakov\u00eb ka dal\u00eb jasht\u00eb kontrollit dhe debatit p\u00ebr numrin e vdekjeve, Ministri i Sh\u00ebndet\u00ebsis\u00eb, Armend Zemaj ka vizituar k\u00ebt\u00eb spital. Zemaj ka b\u00ebr\u00eb thirrje p\u00ebr kujdes t\u00eb shtuar q\u00eb t\u00eb mos r\u00ebndohet sistemi sh\u00ebndet\u00ebsor, derisa ka apeluar q\u00eb kjo situat\u00eb t\u00eb mos [&hellip;]<\/p>\n","protected":false},"author":1,"featured_media":61611,"comment_status":"closed","ping_status":"closed","sticky":false,"template":"","format":"standard","meta":{"footnotes":""},"categories":[5],"tags":[],"class_list":{"0":"post-63084","1":"post","2":"type-post","3":"status-publish","4":"format-standard","5":"has-post-thumbnail","7":"category-lajme"},"_links":{"self":[{"href":"https:\/\/radiostargjilan.com\/web\/wp-json\/wp\/v2\/posts\/63084","targetHints":{"allow":["GET"]}}],"collection":[{"href":"https:\/\/radiostargjilan.com\/web\/wp-json\/wp\/v2\/posts"}],"about":[{"href":"https:\/\/radiostargjilan.com\/web\/wp-json\/wp\/v2\/types\/post"}],"author":[{"embeddable":true,"href":"https:\/\/radiostargjilan.com\/web\/wp-json\/wp\/v2\/users\/1"}],"replies":[{"embeddable":true,"href":"https:\/\/radiostargjilan.com\/web\/wp-json\/wp\/v2\/comments?post=63084"}],"version-history":[{"count":0,"href":"https:\/\/radiostargjilan.com\/web\/wp-json\/wp\/v2\/posts\/63084\/revisions"}],"wp:featuredmedia":[{"embeddable":true,"href":"https:\/\/radiostargjilan.com\/web\/wp-json\/wp\/v2\/media\/61611"}],"wp:attachment":[{"href":"https:\/\/radiostargjilan.com\/web\/wp-json\/wp\/v2\/media?parent=63084"}],"wp:term":[{"taxonomy":"category","embeddable":true,"href":"https:\/\/radiostargjilan.com\/web\/wp-json\/wp\/v2\/categories?post=63084"},{"taxonomy":"post_tag","embeddable":true,"href":"https:\/\/radiostargjilan.com\/web\/wp-json\/wp\/v2\/tags?post=63084"}],"curies":[{"name":"wp","href":"https:\/\/api.w.org\/{rel}","templated":true}]}}