{"id":63615,"date":"2020-08-09T16:18:40","date_gmt":"2020-08-09T16:18:40","guid":{"rendered":"https:\/\/radiostargjilan.com\/web\/?p=63615"},"modified":"2020-08-09T16:18:40","modified_gmt":"2020-08-09T16:18:40","slug":"gastronomet-mblidhen-javen-e-ardhshme-keto-jane-disa-nga-kerkesat-qe-pritet-tua-bejne-qeverise","status":"publish","type":"post","link":"https:\/\/radiostargjilan.com\/web\/gastronomet-mblidhen-javen-e-ardhshme-keto-jane-disa-nga-kerkesat-qe-pritet-tua-bejne-qeverise\/","title":{"rendered":"Gastronom\u00ebt mblidhen jav\u00ebn e ardhshme, k\u00ebto jan\u00eb disa nga k\u00ebrkesat q\u00eb pritet t\u2019ua b\u00ebjn\u00eb Qeveris\u00eb"},"content":{"rendered":"<p>Pronar\u00ebt e bizneseve t\u00eb gastronomis\u00eb n\u00eb Kosov\u00eb vazhdojn\u00eb t\u00eb jen\u00eb t\u00eb pak\u00ebnaqur me orarin e funksionimit q\u00eb ua ka vendosur Qeveria.<\/p>\n<p>P\u00ebrve\u00e7 zgjatjes s\u00eb orarit, ata k\u00ebrkojn\u00eb edhe ndihm\u00eb financiare nga ekzekutivi p\u00ebr t\u2019i \u2018kuruar\u2019 humbjet q\u00eb e kan\u00eb goditur k\u00ebt\u00eb sektor gjat\u00eb pandemis\u00eb.<\/p>\n<p>Kryetari i Shoqat\u00ebs s\u00eb Gastronom\u00ebve t\u00eb Kosov\u00ebs, Petrit Kllokoqi ka th\u00ebn\u00eb p\u00ebr Gazet\u00ebn Sinjali se t\u00eb mart\u00ebn dhe t\u00eb m\u00ebrkur\u00ebn do t\u2019i mbajn\u00eb dy mbledhje p\u00ebr t\u00eb dal\u00eb m\u00eb pas me nj\u00eb q\u00ebndrim rreth k\u00ebrkesave t\u00eb tyre. Ai ka propozuar q\u00eb t\u00eb krijohet nj\u00eb pako e re p\u00ebr rim\u00ebk\u00ebmbjen ekonomike q\u00eb do t\u2019i dilte n\u00eb ndihm\u00eb bizneseve financiarisht.<\/p>\n<p>\u201cT\u00eb mart\u00ebn e kemi nj\u00eb mbledhje me gasronom\u00ebt e Prishtin\u00ebs. T\u00eb m\u00ebrkur\u00ebn e kemi nj\u00eb mbledhje me t\u00eb gjith\u00eb gastronom\u00ebt e Kosov\u00ebs. Do t\u00eb jen\u00eb p\u00ebrfaq\u00ebsuesit e 23 komunave t\u00eb Kosov\u00ebs dhe e marrim vendimin e ri, dalim me nj\u00eb deklarat\u00eb. Zgjidhja m\u00eb e mir\u00eb kish me qen\u00eb me e b\u00eb nj\u00eb pako t\u00eb re t\u00eb rim\u00ebk\u00ebmbjes edhe me ju ndihmu bizneseve se jan\u00eb n\u00eb hall t\u00eb gjitha. P.sh. n\u00ebse dikush e ka nj\u00eb pun\u00ebtor me pag\u00eb 300 euro, me i marr\u00eb p\u00ebrsip\u00ebr shteti 100 euro ose 150 q\u00eb me pas\u00eb leht\u00ebsime, p\u00ebr shkak se na kan\u00eb vu sanksione. Ne jemi duke ju p\u00ebrmbajtur atyre sanksioneve. Po dalin n\u00eb kontroll\u00eb, po i shohin krejt, k\u00ebshtu q\u00eb duhet pak\u00ebz me na p\u00ebrkrah sepse nuk jemi duke punu me kapacitet t\u00eb plot\u00eb\u201d, ka th\u00ebn\u00eb ai.<\/p>\n<p>Kllokoqi ka treguar se n\u00eb k\u00ebrkesat e gastronom\u00ebve do t\u00eb p\u00ebrfshihet edhe ajo p\u00ebr zgjatjen e orarit t\u00eb pun\u00ebs, nga deri n\u00eb 22:30 si\u00e7 \u00ebsht\u00eb aktualisht, n\u00eb 23:30 ose 00:00. Ai ka theksuar se k\u00ebrkesa e par\u00eb mbetet krijimi i nj\u00eb pakoje q\u00eb u del n\u00eb ndihm\u00eb bizneseve t\u00eb k\u00ebtij sektori.<\/p>\n<p>\u201cT\u00eb m\u00ebrkur\u00ebn vijn\u00eb p\u00ebrfaq\u00ebsuesit e bizneseve t\u00eb gastronomis\u00eb nga t\u00ebr\u00eb Kosova n\u00eb Od\u00ebn Ekonomike dhe tregojn\u00eb. Num\u00ebr nj\u00eb, synimi \u00ebsht\u00eb q\u00eb me e kriju nj\u00eb pako t\u00eb re t\u00eb rim\u00ebk\u00ebmbjes sa m\u00eb shpejt. Nj\u00ebher\u00eb p\u00ebr nj\u00ebher\u00eb kjo \u00ebsht\u00eb k\u00ebrkesa kryesore, por kuptohet q\u00eb ka me pas\u00eb k\u00ebrkes\u00eb edhe p\u00ebr rritje t\u00eb orarit. Meqen\u00ebse po i kontrollojn\u00eb dhe po i mbyllin lokalet q\u00eb nuk po i respektojn\u00eb masat, s\u2019\u00ebsht\u00eb e nevojshme me qen\u00eb orari deri n\u00eb 22:30, mundet me qen\u00eb deri n\u00eb 00:00. Ose t\u00eb pakt\u00ebn deri n\u00eb 23:30.<\/p>\n<p>Por k\u00ebto k\u00ebrkesa, Kllokoqi ka th\u00ebn\u00eb se po refuzohen edhe t\u00eb d\u00ebgjohen nga zyrtar\u00ebt e Qeveris\u00eb. Ai ka th\u00ebn\u00eb se nuk po mund as t\u00eb kontaktoj\u00eb me an\u00ebtar\u00ebt e kabinetit qeveritar p\u00ebr ta diskutuar zgjidhjen.<\/p>\n<p>\u201cAs telefonin s\u2019po ma hapin. U myta duke ju shkru. Po ju k\u00ebrkoj takim, po i thirri, po\u2026 Krejt doktora jan\u00eb b\u00eb, kush me ekonomi s\u2019merret. Un\u00eb jam p\u00ebr me u marr\u00eb me raste e spital, mir\u00ebpo hajde flasim di\u00e7ka edhe p\u00ebr ekonomi, se erdhi shtatori\u201d, \u00ebsht\u00eb shprehur kryetari i gastronom\u00ebve.<\/p>\n<p>Kllokoqi po k\u00ebrkon zgjidhje nga Qeveria edhe p\u00ebr ndryshimin e vendimit q\u00eb bizneset e gastronomis\u00eb t\u00eb punojn\u00eb vet\u00ebm n\u00eb tarraca, duke rikujtuar se kjo do t\u00eb jet\u00eb e pamundur n\u00eb muajt n\u00eb vijim.<\/p>\n<p>\u201c\u00c7far\u00eb do t\u00eb b\u00ebjm\u00eb ne kur t\u00eb ftohet koha, n\u00eb shtator, tetor? Ky \u00ebsht\u00eb problemi. Kur vjen dimri, ftohti, nuk mund t\u00eb punojm\u00eb n\u00eb tarraca, detyrohen me i mshel\u00eb. 80-90% i mshelin. K\u00ebshtu q\u00eb jemi duke k\u00ebrku zgjidhje nga Qeveria p\u00ebr muajt n\u00eb vijim\u201d, ka th\u00ebn\u00eb Kllokoqi.<\/p>\n<p>N\u00eb fund t\u00eb korrikut, Qeveria kishte marr\u00eb vendim q\u00eb t\u2019u zgjatet p\u00ebr nj\u00eb or\u00eb e gjysm\u00eb orari i funksionimit t\u00eb gjitha subjekteve q\u00eb ofrojn\u00eb sh\u00ebrbime t\u00eb gastronomis\u00eb (restorantet, kafiterit\u00eb, klubet e nat\u00ebs dhe t\u00eb ngjashme). Atyre ishte vendosur t\u2019u ndalohet funksionimi nga ora 22:30 deri n\u00eb 05:00 n\u00eb gjith\u00eb territorin e Kosov\u00ebs.<\/p>\n<p>Jasht\u00eb k\u00ebtij orari, ata mund t\u00eb punojn\u00eb vet\u00ebm n\u00eb hap\u00ebsira t\u00eb hapura duke respektuar distanc\u00ebn prej 1.5 metra hap\u00ebsir\u00eb nd\u00ebrmjet tavolinave si dhe me sh\u00ebrbimet take-away (merre me vete), thot\u00eb vendimi.<\/p>\n","protected":false},"excerpt":{"rendered":"<p>Pronar\u00ebt e bizneseve t\u00eb gastronomis\u00eb n\u00eb Kosov\u00eb vazhdojn\u00eb t\u00eb jen\u00eb t\u00eb pak\u00ebnaqur me orarin e funksionimit q\u00eb ua ka vendosur Qeveria. P\u00ebrve\u00e7 zgjatjes s\u00eb orarit, ata k\u00ebrkojn\u00eb edhe ndihm\u00eb financiare nga ekzekutivi p\u00ebr t\u2019i \u2018kuruar\u2019 humbjet q\u00eb e kan\u00eb goditur k\u00ebt\u00eb sektor gjat\u00eb pandemis\u00eb. Kryetari i Shoqat\u00ebs s\u00eb Gastronom\u00ebve t\u00eb Kosov\u00ebs, Petrit Kllokoqi ka th\u00ebn\u00eb [&hellip;]<\/p>\n","protected":false},"author":1,"featured_media":62413,"comment_status":"closed","ping_status":"closed","sticky":false,"template":"","format":"standard","meta":{"footnotes":""},"categories":[5],"tags":[],"class_list":{"0":"post-63615","1":"post","2":"type-post","3":"status-publish","4":"format-standard","5":"has-post-thumbnail","7":"category-lajme"},"_links":{"self":[{"href":"https:\/\/radiostargjilan.com\/web\/wp-json\/wp\/v2\/posts\/63615","targetHints":{"allow":["GET"]}}],"collection":[{"href":"https:\/\/radiostargjilan.com\/web\/wp-json\/wp\/v2\/posts"}],"about":[{"href":"https:\/\/radiostargjilan.com\/web\/wp-json\/wp\/v2\/types\/post"}],"author":[{"embeddable":true,"href":"https:\/\/radiostargjilan.com\/web\/wp-json\/wp\/v2\/users\/1"}],"replies":[{"embeddable":true,"href":"https:\/\/radiostargjilan.com\/web\/wp-json\/wp\/v2\/comments?post=63615"}],"version-history":[{"count":0,"href":"https:\/\/radiostargjilan.com\/web\/wp-json\/wp\/v2\/posts\/63615\/revisions"}],"wp:featuredmedia":[{"embeddable":true,"href":"https:\/\/radiostargjilan.com\/web\/wp-json\/wp\/v2\/media\/62413"}],"wp:attachment":[{"href":"https:\/\/radiostargjilan.com\/web\/wp-json\/wp\/v2\/media?parent=63615"}],"wp:term":[{"taxonomy":"category","embeddable":true,"href":"https:\/\/radiostargjilan.com\/web\/wp-json\/wp\/v2\/categories?post=63615"},{"taxonomy":"post_tag","embeddable":true,"href":"https:\/\/radiostargjilan.com\/web\/wp-json\/wp\/v2\/tags?post=63615"}],"curies":[{"name":"wp","href":"https:\/\/api.w.org\/{rel}","templated":true}]}}