{"id":63644,"date":"2020-08-10T09:26:29","date_gmt":"2020-08-10T09:26:29","guid":{"rendered":"https:\/\/radiostargjilan.com\/web\/?p=63644"},"modified":"2020-08-10T09:26:29","modified_gmt":"2020-08-10T09:26:29","slug":"gjilani-shpall-konkurs-per-regjistrimin-e-nxenesve-ne-klasen-e-pare","status":"publish","type":"post","link":"https:\/\/radiostargjilan.com\/web\/gjilani-shpall-konkurs-per-regjistrimin-e-nxenesve-ne-klasen-e-pare\/","title":{"rendered":"Gjilani shpall konkurs p\u00ebr regjistrimin e nx\u00ebn\u00ebsve n\u00eb klas\u00ebn e par\u00eb"},"content":{"rendered":"<p> Drejtoria e Arsimit n\u00eb Gjilan nga e h\u00ebna (10 gusht) shpall konkurs p\u00ebr regjistrim t\u00eb nx\u00ebn\u00ebsve n\u00eb klas\u00ebn e par\u00eb n\u00eb t\u00eb gjitha shkollat fillore. <\/p>\n<p>Drejtori i DKA\u2019s\u00eb, Nazim Gagica, ka th\u00ebn\u00eb se regjistrimi i f\u00ebmij\u00ebve n\u00eb klas\u00eb t\u00eb par\u00eb do t\u00eb zgjas deri n\u00eb shtator 2020. <\/p>\n<p>\u201cN\u00eb klas\u00ebn e par\u00eb t\u00eb shkollave fillore t\u00eb Komun\u00ebs s\u00eb Gjilanit, p\u00ebr vitin shkollor 2020\/21, mund t\u00eb regjistrohen f\u00ebmij\u00ebt t\u00eb cil\u00ebt i mbushin mosh\u00ebn minimale 6-vje\u00e7are. F\u00ebmij\u00ebt t\u00eb cil\u00ebt nuk i kan\u00eb ende 6 vjet, mund t\u00eb regjistrohen, por duke i plot\u00ebsuar kushtet e parapara sipas UA 16 -2004, neni 2, pika 2.1., ( f\u00ebmij\u00ebt mund t\u00eb regjistrohen pa i mbushur 6 vjet por me vler\u00ebsimin e mjekut dhe psikologut), dhe pastaj vendimin e merr DKA\u201d, ka th\u00ebn\u00eb drejtori i DKA\u2019s\u00eb, Nazim Gagica. <\/p>\n<p>M\u00eb posht\u00eb, jan\u00eb shkollat dhe kushtet e p\u00ebrgjithshme p\u00ebr regjistrimin e nx\u00ebn\u00ebsve t\u00eb rregullt n\u00eb klas\u00ebn e par\u00eb, n\u00eb komun\u00ebn e<br \/>\nGjilanit.<\/p>\n<p>1. SHF \u201dSelami Hallaqi<br \/>\n2. SHF\u201d Thimi Mitko\u201d<br \/>\n3. SHF \u201dAbaz Ajeti\u201d<br \/>\n4. SHF \u201dMusa Zajmi\u201d<br \/>\n5. SHF \u201dRexhep Elmazi\u201d<br \/>\n6. SHF \u201dNazmi Hoxha\u201d<br \/>\n7. SHF \u201dZija Shemsiu\u201d<br \/>\n8. SHF \u201dSadulla Brestovci\u201d<br \/>\n9. SHF \u201dD\u00ebshmor\u00ebt e Kombit\u201d<br \/>\n10. SHF \u201dRamiz C\u00ebrnica\u201d<br \/>\n11. SHF  \u201dAgim Ramadani\u201d<br \/>\n12 .SHF \u201dBajram Curri\u201d<br \/>\n13. SHF \u201dEsat Berisha\u201d<br \/>\n14. SHF \u201dMulla Iris Gjilani\u201d<br \/>\n15. SHF \u201dAbdulla Tahiri\u201d<br \/>\n16. SHF \u201dVebi Ibrahimi\u201d<br \/>\n17. SHF \u201dLiria\u201d<br \/>\n18. SHF \u201dNazim Hikmet\u201d<br \/>\n19. SHF \u201dSkenderbeu\u201d<br \/>\n20. SHF \u201dVatra e Dituris\u00eb\u201d<br \/>\n21. SHF \u201dVesel Muji\u201d<br \/>\n22. SHF \u201dIbrahim Uruqi\u201d<br \/>\n23. SHF \u201dAf\u00ebrdita\u201d<br \/>\n24. SHF \u201dFeta Qerimi\u201d <\/p>\n<p>P\u00ebr regjistrimin e f\u00ebmij\u00ebve n\u00eb klas\u00ebn e I-r\u00eb n\u00eb arsimin e detyruesh\u00ebm, duhet t\u00eb paraqesin ekstraktin e lindjes.<\/p>\n<p>Regjistrimi i f\u00ebmij\u00ebve n\u00eb klas\u00ebn e par\u00eb fillon prej dat\u00ebs 10.08.2020, n\u00eb lokalet e shkoll\u00ebs p\u00ebrkat\u00ebse, duke filluar nga ora 8 :00 deri 16:00<\/p>\n<p>Pas mbylljes s\u00eb afatit p\u00ebr regjistrimin e f\u00ebmij\u00ebve n\u00eb klas\u00ebn e par\u00eb, drejtoria e shkoll\u00ebs p\u00ebrkat\u00ebse b\u00ebn\u00eb shp\u00ebrndarjen e f\u00ebmij\u00ebve n\u00eb paralele duke i respektuar kriteret si:<br \/>\n&#8211;         Numri i barabart\u00eb i f\u00ebmij\u00ebve n\u00eb paralele<br \/>\n&#8211;         Respektimi i gjinis\u00eb.<\/p>\n<p> F\u00ebmij\u00ebt i n\u00ebnshtrohen nj\u00eb vler\u00ebsimi profesional, lidhur me p\u00ebrcaktimin e shkall\u00ebs s\u00eb aft\u00ebsive t\u00eb tij-saj.<\/p>\n<p>Vler\u00ebsimi duhet t\u00eb b\u00ebhet nga organi profesional i shkoll\u00ebs si :<br \/>\n\u2022 M\u00ebsimdh\u00ebn\u00ebsi<br \/>\n\u2022 Pedagogu<br \/>\n\u2022 Psikologu<\/p>\n<p>Vler\u00ebsimi i f\u00ebmij\u00ebs duhet t\u00eb b\u00ebhet n\u00eb prani s\u00eb paku t\u00eb nj\u00ebrit prind ose kujdestarit.<\/p>\n<p>Prind\u00ebrit e pak\u00ebnaqur me procedurat e regjistrimit t\u00eb f\u00ebmij\u00ebve n\u00eb klas\u00ebn e par\u00eb kan\u00eb t\u00eb drejt\u00eb brenda 24 or\u00ebve, t\u2019i paraqesin ankes\u00eb  drejtoris\u00eb s\u00eb shkoll\u00ebs, n\u00eb raste t\u00eb mos zgjidhjes s\u00eb problemit, ankesa i drejtohet Drejtoris\u00eb Komunale t\u00eb Arsimit.<\/p>\n","protected":false},"excerpt":{"rendered":"<p>Drejtoria e Arsimit n\u00eb Gjilan nga e h\u00ebna (10 gusht) shpall konkurs p\u00ebr regjistrim t\u00eb nx\u00ebn\u00ebsve n\u00eb klas\u00ebn e par\u00eb n\u00eb t\u00eb gjitha shkollat fillore. Drejtori i DKA\u2019s\u00eb, Nazim Gagica, ka th\u00ebn\u00eb se regjistrimi i f\u00ebmij\u00ebve n\u00eb klas\u00eb t\u00eb par\u00eb do t\u00eb zgjas deri n\u00eb shtator 2020. \u201cN\u00eb klas\u00ebn e par\u00eb t\u00eb shkollave fillore t\u00eb [&hellip;]<\/p>\n","protected":false},"author":1,"featured_media":63430,"comment_status":"closed","ping_status":"closed","sticky":false,"template":"","format":"standard","meta":{"footnotes":""},"categories":[5],"tags":[],"class_list":{"0":"post-63644","1":"post","2":"type-post","3":"status-publish","4":"format-standard","5":"has-post-thumbnail","7":"category-lajme"},"_links":{"self":[{"href":"https:\/\/radiostargjilan.com\/web\/wp-json\/wp\/v2\/posts\/63644","targetHints":{"allow":["GET"]}}],"collection":[{"href":"https:\/\/radiostargjilan.com\/web\/wp-json\/wp\/v2\/posts"}],"about":[{"href":"https:\/\/radiostargjilan.com\/web\/wp-json\/wp\/v2\/types\/post"}],"author":[{"embeddable":true,"href":"https:\/\/radiostargjilan.com\/web\/wp-json\/wp\/v2\/users\/1"}],"replies":[{"embeddable":true,"href":"https:\/\/radiostargjilan.com\/web\/wp-json\/wp\/v2\/comments?post=63644"}],"version-history":[{"count":0,"href":"https:\/\/radiostargjilan.com\/web\/wp-json\/wp\/v2\/posts\/63644\/revisions"}],"wp:featuredmedia":[{"embeddable":true,"href":"https:\/\/radiostargjilan.com\/web\/wp-json\/wp\/v2\/media\/63430"}],"wp:attachment":[{"href":"https:\/\/radiostargjilan.com\/web\/wp-json\/wp\/v2\/media?parent=63644"}],"wp:term":[{"taxonomy":"category","embeddable":true,"href":"https:\/\/radiostargjilan.com\/web\/wp-json\/wp\/v2\/categories?post=63644"},{"taxonomy":"post_tag","embeddable":true,"href":"https:\/\/radiostargjilan.com\/web\/wp-json\/wp\/v2\/tags?post=63644"}],"curies":[{"name":"wp","href":"https:\/\/api.w.org\/{rel}","templated":true}]}}