{"id":63651,"date":"2020-08-10T12:12:23","date_gmt":"2020-08-10T12:12:23","guid":{"rendered":"https:\/\/radiostargjilan.com\/web\/?p=63651"},"modified":"2020-08-10T13:15:48","modified_gmt":"2020-08-10T13:15:48","slug":"reshjet-e-fundit-ja-sa-metra-eshte-rritur-niveli-i-ujit-ne-liqenin-e-perlepinces","status":"publish","type":"post","link":"https:\/\/radiostargjilan.com\/web\/reshjet-e-fundit-ja-sa-metra-eshte-rritur-niveli-i-ujit-ne-liqenin-e-perlepinces\/","title":{"rendered":"Reshjet e fundit, ja sa metra \u00ebsht\u00eb rritur niveli i ujit n\u00eb Liqenin e P\u00ebrlepinc\u00ebs"},"content":{"rendered":"<p>\u00cbsht\u00eb ngritur niveli i ujit n\u00eb Liqenin e P\u00ebrlepnic\u00ebs pas reshjeve t\u00eb fundit.<\/p>\n<p>Shiu rriti nivelin e ujit n\u00eb Liqenin e P\u00ebrlepnic\u00ebs 22 m dhe p\u00ebr 8 metra m\u00eb pak se kuota maksimale 30.30 metra.\/RadioStar\/<\/p>\n","protected":false},"excerpt":{"rendered":"<p>\u00cbsht\u00eb ngritur niveli i ujit n\u00eb Liqenin e P\u00ebrlepnic\u00ebs pas reshjeve t\u00eb fundit. Shiu rriti nivelin e ujit n\u00eb Liqenin e P\u00ebrlepnic\u00ebs 22 m dhe p\u00ebr 8 metra m\u00eb pak se kuota maksimale 30.30 metra.\/RadioStar\/<\/p>\n","protected":false},"author":1,"featured_media":63652,"comment_status":"closed","ping_status":"closed","sticky":false,"template":"","format":"standard","meta":{"footnotes":""},"categories":[5],"tags":[],"class_list":{"0":"post-63651","1":"post","2":"type-post","3":"status-publish","4":"format-standard","5":"has-post-thumbnail","7":"category-lajme"},"_links":{"self":[{"href":"https:\/\/radiostargjilan.com\/web\/wp-json\/wp\/v2\/posts\/63651","targetHints":{"allow":["GET"]}}],"collection":[{"href":"https:\/\/radiostargjilan.com\/web\/wp-json\/wp\/v2\/posts"}],"about":[{"href":"https:\/\/radiostargjilan.com\/web\/wp-json\/wp\/v2\/types\/post"}],"author":[{"embeddable":true,"href":"https:\/\/radiostargjilan.com\/web\/wp-json\/wp\/v2\/users\/1"}],"replies":[{"embeddable":true,"href":"https:\/\/radiostargjilan.com\/web\/wp-json\/wp\/v2\/comments?post=63651"}],"version-history":[{"count":0,"href":"https:\/\/radiostargjilan.com\/web\/wp-json\/wp\/v2\/posts\/63651\/revisions"}],"wp:featuredmedia":[{"embeddable":true,"href":"https:\/\/radiostargjilan.com\/web\/wp-json\/wp\/v2\/media\/63652"}],"wp:attachment":[{"href":"https:\/\/radiostargjilan.com\/web\/wp-json\/wp\/v2\/media?parent=63651"}],"wp:term":[{"taxonomy":"category","embeddable":true,"href":"https:\/\/radiostargjilan.com\/web\/wp-json\/wp\/v2\/categories?post=63651"},{"taxonomy":"post_tag","embeddable":true,"href":"https:\/\/radiostargjilan.com\/web\/wp-json\/wp\/v2\/tags?post=63651"}],"curies":[{"name":"wp","href":"https:\/\/api.w.org\/{rel}","templated":true}]}}