{"id":63871,"date":"2020-08-13T18:18:30","date_gmt":"2020-08-13T18:18:30","guid":{"rendered":"https:\/\/radiostargjilan.com\/web\/?p=63871"},"modified":"2020-08-13T18:18:30","modified_gmt":"2020-08-13T18:18:30","slug":"arago-jamal-me-publikim-misterioz-pas-prezantimit-te-fc-drita","status":"publish","type":"post","link":"https:\/\/radiostargjilan.com\/web\/arago-jamal-me-publikim-misterioz-pas-prezantimit-te-fc-drita\/","title":{"rendered":"Arago Jamal me publikim \u2018misterioz\u2019 pas prezantimit te FC Drita"},"content":{"rendered":"<p>Arago Jamal \u00ebsht\u00eb prezantuar edhe zyrtarisht te Klubi Futbollistik \u201cDrita\u201d, duke \u2018firmosur\u2019 kontrat\u00eb dy vje\u00e7are me kampion\u00ebt e vendit, shkruan Gazetasheshi.com.<\/p>\n<p>Pasi u vesh \u2018bardhekalt\u00ebr\u2019, an\u00ebsori ganez ka publikuar n\u00eb llogarin\u00eb e tij edhe nj\u00eb mesazh tejet \u2018misterik\u2019, ndon\u00ebse edhe sa i p\u00ebrket zgjedhjes q\u00eb ka b\u00ebr\u00eb.<\/p>\n<p>\u201cAta q\u00eb gjykojn\u00eb asnj\u00ebher\u00eb nuk do t\u00eb kuptojn\u00eb dhe ata q\u00eb t\u00eb kuptojn\u00eb kurr nuk t\u00eb gjykojn\u00eb\u201d, ka shkruar Jamal.<\/p>\n<p><img loading=\"lazy\" loading=\"lazy\" decoding=\"async\" src=\"https:\/\/radiostargjilan.com\/web\/wp-content\/uploads\/2020\/08\/B3DF7927-F90B-4D76-A925-636C4AA0C2AB.jpeg\" alt=\"\" width=\"740\" height=\"1172\" class=\"aligncenter size-full wp-image-63872\" srcset=\"https:\/\/radiostargjilan.com\/web\/wp-content\/uploads\/2020\/08\/B3DF7927-F90B-4D76-A925-636C4AA0C2AB.jpeg 740w, https:\/\/radiostargjilan.com\/web\/wp-content\/uploads\/2020\/08\/B3DF7927-F90B-4D76-A925-636C4AA0C2AB-189x300.jpeg 189w, https:\/\/radiostargjilan.com\/web\/wp-content\/uploads\/2020\/08\/B3DF7927-F90B-4D76-A925-636C4AA0C2AB-647x1024.jpeg 647w, https:\/\/radiostargjilan.com\/web\/wp-content\/uploads\/2020\/08\/B3DF7927-F90B-4D76-A925-636C4AA0C2AB-600x950.jpeg 600w\" sizes=\"auto, (max-width: 740px) 100vw, 740px\" \/><br \/>\n26 vje\u00e7ari ka qen\u00eb edhe n\u00eb t\u00eb kaluar\u00ebn pjes\u00eb e futbollit kosovar, derisa ka mbrojtur ngjyrat e Gjilanit dhe Prishtin\u00ebs.<\/p>\n<p>Jamal \u00ebsht\u00eb transferimi i par\u00eb i Drit\u00ebs p\u00ebr edicionin e ri futbollistik.<\/p>\n","protected":false},"excerpt":{"rendered":"<p>Arago Jamal \u00ebsht\u00eb prezantuar edhe zyrtarisht te Klubi Futbollistik \u201cDrita\u201d, duke \u2018firmosur\u2019 kontrat\u00eb dy vje\u00e7are me kampion\u00ebt e vendit, shkruan Gazetasheshi.com. Pasi u vesh \u2018bardhekalt\u00ebr\u2019, an\u00ebsori ganez ka publikuar n\u00eb llogarin\u00eb e tij edhe nj\u00eb mesazh tejet \u2018misterik\u2019, ndon\u00ebse edhe sa i p\u00ebrket zgjedhjes q\u00eb ka b\u00ebr\u00eb. \u201cAta q\u00eb gjykojn\u00eb asnj\u00ebher\u00eb nuk do t\u00eb kuptojn\u00eb [&hellip;]<\/p>\n","protected":false},"author":1,"featured_media":63873,"comment_status":"closed","ping_status":"closed","sticky":false,"template":"","format":"standard","meta":{"footnotes":""},"categories":[5],"tags":[],"class_list":{"0":"post-63871","1":"post","2":"type-post","3":"status-publish","4":"format-standard","5":"has-post-thumbnail","7":"category-lajme"},"_links":{"self":[{"href":"https:\/\/radiostargjilan.com\/web\/wp-json\/wp\/v2\/posts\/63871","targetHints":{"allow":["GET"]}}],"collection":[{"href":"https:\/\/radiostargjilan.com\/web\/wp-json\/wp\/v2\/posts"}],"about":[{"href":"https:\/\/radiostargjilan.com\/web\/wp-json\/wp\/v2\/types\/post"}],"author":[{"embeddable":true,"href":"https:\/\/radiostargjilan.com\/web\/wp-json\/wp\/v2\/users\/1"}],"replies":[{"embeddable":true,"href":"https:\/\/radiostargjilan.com\/web\/wp-json\/wp\/v2\/comments?post=63871"}],"version-history":[{"count":0,"href":"https:\/\/radiostargjilan.com\/web\/wp-json\/wp\/v2\/posts\/63871\/revisions"}],"wp:featuredmedia":[{"embeddable":true,"href":"https:\/\/radiostargjilan.com\/web\/wp-json\/wp\/v2\/media\/63873"}],"wp:attachment":[{"href":"https:\/\/radiostargjilan.com\/web\/wp-json\/wp\/v2\/media?parent=63871"}],"wp:term":[{"taxonomy":"category","embeddable":true,"href":"https:\/\/radiostargjilan.com\/web\/wp-json\/wp\/v2\/categories?post=63871"},{"taxonomy":"post_tag","embeddable":true,"href":"https:\/\/radiostargjilan.com\/web\/wp-json\/wp\/v2\/tags?post=63871"}],"curies":[{"name":"wp","href":"https:\/\/api.w.org\/{rel}","templated":true}]}}