{"id":63922,"date":"2020-08-14T16:15:27","date_gmt":"2020-08-14T16:15:27","guid":{"rendered":"https:\/\/radiostargjilan.com\/web\/?p=63922"},"modified":"2020-08-14T16:15:27","modified_gmt":"2020-08-14T16:15:27","slug":"votohet-ligji-per-parandalimin-dhe-luftimin-e-pandemise","status":"publish","type":"post","link":"https:\/\/radiostargjilan.com\/web\/votohet-ligji-per-parandalimin-dhe-luftimin-e-pandemise\/","title":{"rendered":"Votohet ligji p\u00ebr parandalimin dhe luftimin e pandemis\u00eb"},"content":{"rendered":"<p>Deputet\u00ebt e Kuvendit t\u00eb Kosov\u00ebs kan\u00eb votuar n\u00eb lexim t\u00eb dyt\u00eb ligjin p\u00ebr parandalimin dhe luftimin e Pandemis\u00eb COVID-19 n\u00eb territorin e Republik\u00ebs s\u00eb Kosov\u00ebs.<\/p>\n<p>Pas pes\u00eb muajsh kur \u00ebsht\u00eb propozuar, ky ligj morri shumic\u00ebn e votave nga deputet\u00ebt.<\/p>\n<p>Me an\u00eb t\u00eb k\u00ebtij ligji pritet t\u2019i mund\u00ebsohet aspekti ligjor n\u00eb marrjen e vendimeve p\u00ebr menaxhim t\u00eb pandemis\u00eb COVID-19.<\/p>\n","protected":false},"excerpt":{"rendered":"<p>Deputet\u00ebt e Kuvendit t\u00eb Kosov\u00ebs kan\u00eb votuar n\u00eb lexim t\u00eb dyt\u00eb ligjin p\u00ebr parandalimin dhe luftimin e Pandemis\u00eb COVID-19 n\u00eb territorin e Republik\u00ebs s\u00eb Kosov\u00ebs. Pas pes\u00eb muajsh kur \u00ebsht\u00eb propozuar, ky ligj morri shumic\u00ebn e votave nga deputet\u00ebt. Me an\u00eb t\u00eb k\u00ebtij ligji pritet t\u2019i mund\u00ebsohet aspekti ligjor n\u00eb marrjen e vendimeve p\u00ebr menaxhim [&hellip;]<\/p>\n","protected":false},"author":1,"featured_media":63914,"comment_status":"closed","ping_status":"closed","sticky":false,"template":"","format":"standard","meta":{"footnotes":""},"categories":[5],"tags":[],"class_list":{"0":"post-63922","1":"post","2":"type-post","3":"status-publish","4":"format-standard","5":"has-post-thumbnail","7":"category-lajme"},"_links":{"self":[{"href":"https:\/\/radiostargjilan.com\/web\/wp-json\/wp\/v2\/posts\/63922","targetHints":{"allow":["GET"]}}],"collection":[{"href":"https:\/\/radiostargjilan.com\/web\/wp-json\/wp\/v2\/posts"}],"about":[{"href":"https:\/\/radiostargjilan.com\/web\/wp-json\/wp\/v2\/types\/post"}],"author":[{"embeddable":true,"href":"https:\/\/radiostargjilan.com\/web\/wp-json\/wp\/v2\/users\/1"}],"replies":[{"embeddable":true,"href":"https:\/\/radiostargjilan.com\/web\/wp-json\/wp\/v2\/comments?post=63922"}],"version-history":[{"count":0,"href":"https:\/\/radiostargjilan.com\/web\/wp-json\/wp\/v2\/posts\/63922\/revisions"}],"wp:featuredmedia":[{"embeddable":true,"href":"https:\/\/radiostargjilan.com\/web\/wp-json\/wp\/v2\/media\/63914"}],"wp:attachment":[{"href":"https:\/\/radiostargjilan.com\/web\/wp-json\/wp\/v2\/media?parent=63922"}],"wp:term":[{"taxonomy":"category","embeddable":true,"href":"https:\/\/radiostargjilan.com\/web\/wp-json\/wp\/v2\/categories?post=63922"},{"taxonomy":"post_tag","embeddable":true,"href":"https:\/\/radiostargjilan.com\/web\/wp-json\/wp\/v2\/tags?post=63922"}],"curies":[{"name":"wp","href":"https:\/\/api.w.org\/{rel}","templated":true}]}}