{"id":64045,"date":"2020-08-16T15:54:12","date_gmt":"2020-08-16T15:54:12","guid":{"rendered":"https:\/\/radiostargjilan.com\/web\/?p=64045"},"modified":"2020-08-16T15:54:12","modified_gmt":"2020-08-16T15:54:12","slug":"lutfi-haziri-virusi-nuk-ka-krahe-me-fluturu-por-mund-ta-marresh-nese-sje-i-kujdesshem","status":"publish","type":"post","link":"https:\/\/radiostargjilan.com\/web\/lutfi-haziri-virusi-nuk-ka-krahe-me-fluturu-por-mund-ta-marresh-nese-sje-i-kujdesshem\/","title":{"rendered":"Lutfi Haziri: Virusi nuk ka krah\u00eb me fluturu, por mund ta marr\u00ebsh n\u00ebse s\u2019je i kujdessh\u00ebm"},"content":{"rendered":"<p>Pas 15 rasteve t\u00eb reja pozitive me COVID-19, Komiteti  Gjlanit p\u00ebr parandalimin e p\u00ebrhapjes s\u00eb virusit, ka mbajtur mbledhje, n\u00ebn udh\u00ebheqjen e kryetarit Lutfi Haziri, p\u00ebr vler\u00ebsimin e stitat\u00ebs. <\/p>\n<p>Haziri ka b\u00ebr\u00eb t\u00eb ditur se 2 pacient\u00eb t\u00eb cil\u00ebt po hospitalizoheshin n\u00eb Spitalin e P\u00ebrgjithsh\u00ebm, kan\u00eb humbur betejen me COVID-19 brenda 14 or\u00ebve, derisa tha se nga 17 rasstet e paraqitura nga IKSHP, dy jan\u00eb ritestime, e jo raste t\u00eb reja pozitive. <\/p>\n<p>\u201cNgush\u00ebllime p\u00ebr familjar\u00ebt p\u00ebr humbjen e m\u00eb t\u00eb dashurve dhe do ta ken\u00eb solidaritetin ton\u00eb. 682 t\u00eb infetuar jan\u00eb n\u00eb total, 468 t\u00eb sh\u00ebruar, 186 raste jan\u00eb aktive, 28 e kan\u00eb humbur betej\u00ebn me COVID, 32 t\u00eb hospitalizuar dhe p\u00ebr 27 mostra po i presim rezultatet nga IKSHP\u201d, ka th\u00ebn\u00eb Haziri, n\u00eb konferenc\u00ebn p\u00ebr gazetar\u00eb. <\/p>\n<p>Haziri njoftoi se kan\u00eb diskutuar c\u00ebshtjen e varrimeve t\u00eb personave q\u00eb nd\u00ebrrojn\u00eb jet\u00eb nga COVID-19, duke k\u00ebrkuar nga Qeveria q\u00eb ta zgjidh k\u00ebt\u00eb problem, sipas protokollit shtet\u00ebror. <\/p>\n<p>Kreu i Gjilanit ka theksuar se brenda pes\u00eb muajve ka funksionuar jasht\u00ebzakonisht mir\u00eb trek\u00ebnd\u00ebshi i bashk\u00ebpunimit mes emergjencave civile, profesionist\u00ebve sh\u00ebndet\u00ebsor\u00eb dhe organeve t\u00eb siguris\u00eb, derisa ka th\u00ebn\u00eb \u00ebsht\u00eb e paqart\u00eb ndalesa e pes\u00eb zyrtar\u00ebve komunal\u00eb, derisa po e kryenin pun\u00ebn s\u00eb bashku me Policin\u00eb e Kosov\u00ebs. <\/p>\n<p>\u201cPor, kjo c\u00ebshtje fatmir\u00ebsisht \u00ebsht\u00eb zgjidhur dhe besojm\u00eb n\u00eb funksionimin e k\u00ebtij trek\u00ebnd\u00ebshi t\u00eb partneritetit, n\u00eb ruajtjen e sh\u00ebndetit publik. Ky partneritet edhe m\u00eb tutje mendoj se nuk mund t\u00eb d\u00ebmtohet nj\u00ebansh\u00ebm\u201d, ka th\u00ebn\u00eb Haziri. <\/p>\n<p>Ai ka k\u00ebrkuar q\u00eb lojaliteti dhe solidariteti qytetar t\u00eb rritet n\u00eb m\u00ebnyr\u00eb q\u00eb t\u00eb evitohen masat shtr\u00ebnguese dhe represive, t\u00eb cil\u00ebt mund t\u00eb vijn\u00eb n\u00eb shprehje n\u00ebse nuk zbatohen masat anti-COVID-19.<\/p>\n<p>\u201cJu ftoj q\u00eb t\u00eb dilni n\u00eb rrug\u00eb e n\u00eb pun\u00eb me masa mbrojt\u00ebse anti-COVID-19. Virusi nuk ka krah\u00eb me fluturu, nuk i shkon askujt n\u00eb sht\u00ebpi dhe as nuk i del p\u00ebrpara k\u00ebrkujt. Por, n\u00ebse nuk je i kujdesh\u00ebm, mund t\u00eb infektohesh\u201d, ka p\u00ebrfunduar kreu i Gjilanit.<\/p>\n","protected":false},"excerpt":{"rendered":"<p>Pas 15 rasteve t\u00eb reja pozitive me COVID-19, Komiteti Gjlanit p\u00ebr parandalimin e p\u00ebrhapjes s\u00eb virusit, ka mbajtur mbledhje, n\u00ebn udh\u00ebheqjen e kryetarit Lutfi Haziri, p\u00ebr vler\u00ebsimin e stitat\u00ebs. Haziri ka b\u00ebr\u00eb t\u00eb ditur se 2 pacient\u00eb t\u00eb cil\u00ebt po hospitalizoheshin n\u00eb Spitalin e P\u00ebrgjithsh\u00ebm, kan\u00eb humbur betejen me COVID-19 brenda 14 or\u00ebve, derisa tha [&hellip;]<\/p>\n","protected":false},"author":1,"featured_media":64049,"comment_status":"closed","ping_status":"closed","sticky":false,"template":"","format":"standard","meta":{"footnotes":""},"categories":[5],"tags":[],"class_list":{"0":"post-64045","1":"post","2":"type-post","3":"status-publish","4":"format-standard","5":"has-post-thumbnail","7":"category-lajme"},"_links":{"self":[{"href":"https:\/\/radiostargjilan.com\/web\/wp-json\/wp\/v2\/posts\/64045","targetHints":{"allow":["GET"]}}],"collection":[{"href":"https:\/\/radiostargjilan.com\/web\/wp-json\/wp\/v2\/posts"}],"about":[{"href":"https:\/\/radiostargjilan.com\/web\/wp-json\/wp\/v2\/types\/post"}],"author":[{"embeddable":true,"href":"https:\/\/radiostargjilan.com\/web\/wp-json\/wp\/v2\/users\/1"}],"replies":[{"embeddable":true,"href":"https:\/\/radiostargjilan.com\/web\/wp-json\/wp\/v2\/comments?post=64045"}],"version-history":[{"count":0,"href":"https:\/\/radiostargjilan.com\/web\/wp-json\/wp\/v2\/posts\/64045\/revisions"}],"wp:featuredmedia":[{"embeddable":true,"href":"https:\/\/radiostargjilan.com\/web\/wp-json\/wp\/v2\/media\/64049"}],"wp:attachment":[{"href":"https:\/\/radiostargjilan.com\/web\/wp-json\/wp\/v2\/media?parent=64045"}],"wp:term":[{"taxonomy":"category","embeddable":true,"href":"https:\/\/radiostargjilan.com\/web\/wp-json\/wp\/v2\/categories?post=64045"},{"taxonomy":"post_tag","embeddable":true,"href":"https:\/\/radiostargjilan.com\/web\/wp-json\/wp\/v2\/tags?post=64045"}],"curies":[{"name":"wp","href":"https:\/\/api.w.org\/{rel}","templated":true}]}}