{"id":64288,"date":"2020-08-22T14:59:38","date_gmt":"2020-08-22T14:59:38","guid":{"rendered":"https:\/\/radiostargjilan.com\/web\/?p=64288"},"modified":"2020-08-22T14:59:38","modified_gmt":"2020-08-22T14:59:38","slug":"lutfi-haziri-respektimi-i-masave-e-vetmja-menyre-e-parandalimit-te-perhapjes-se-covid-19","status":"publish","type":"post","link":"https:\/\/radiostargjilan.com\/web\/lutfi-haziri-respektimi-i-masave-e-vetmja-menyre-e-parandalimit-te-perhapjes-se-covid-19\/","title":{"rendered":"Lutfi Haziri: Respektimi i masave, e vetmja m\u00ebnyr\u00eb e parandalimit t\u00eb p\u00ebrhapjes s\u00eb COVID-19"},"content":{"rendered":"<p> N\u00ebn udh\u00ebheqjen e kryetarit t\u00eb Gjilanit, Lutfi Haziri, \u00ebsht\u00eb mbajur mbledhja e vler\u00ebsimit ditor e Komitetit p\u00ebr menaxhimin dhe parandalimin e p\u00ebrhapjes s\u00eb COVID-19.<\/p>\n<p>N\u00eb takim u b\u00eb e ditur se deri tani, 750 qytetar\u00eb t\u00eb Gjilanit kan\u00eb rezultuar pozitiv\u00eb me COVID-19, 529 jan\u00eb sh\u00ebruar, raste aktive jan\u00eb 191, t\u00eb hospitalizuar jan\u00eb 59 pacient\u00eb, mostra n\u00eb pritje 24 dhe fatkeq\u00ebsisht 30 pacient\u00eb e kan\u00eb humbur betejen me virusin.<\/p>\n<p>Kreu i Gjilanit, Lutfi Haziri, u ka b\u00ebr\u00eb thirrje qytetar\u00ebve dhe bizneseve q\u00eb t\u2019i respektojn\u00eb me p\u00ebrpikm\u00ebri masat anti-covid, si e vetmja m\u00ebnyr\u00eb p\u00ebr ta parandaluar p\u00ebrhapjen e k\u00ebtij virusi.<\/p>\n<p>\u201cApeloj q\u00eb t\u2019i respektoni masat mbrojt\u00ebse, maskat, distanc\u00ebn sociale dhe mbajtjen e higjien\u00ebs kund\u00ebr virusit t\u00eb panjohur. Virusi nuk pyet \u00e7ka e kush je. T\u00eb rr\u00ebzon p\u00ebrtoke e t\u00eb merr me vete n\u00ebse nuk ruhesh!\u201d, ka th\u00ebn\u00eb Haziri.<\/p>\n","protected":false},"excerpt":{"rendered":"<p>N\u00ebn udh\u00ebheqjen e kryetarit t\u00eb Gjilanit, Lutfi Haziri, \u00ebsht\u00eb mbajur mbledhja e vler\u00ebsimit ditor e Komitetit p\u00ebr menaxhimin dhe parandalimin e p\u00ebrhapjes s\u00eb COVID-19. N\u00eb takim u b\u00eb e ditur se deri tani, 750 qytetar\u00eb t\u00eb Gjilanit kan\u00eb rezultuar pozitiv\u00eb me COVID-19, 529 jan\u00eb sh\u00ebruar, raste aktive jan\u00eb 191, t\u00eb hospitalizuar jan\u00eb 59 pacient\u00eb, mostra [&hellip;]<\/p>\n","protected":false},"author":1,"featured_media":64289,"comment_status":"closed","ping_status":"closed","sticky":false,"template":"","format":"standard","meta":{"footnotes":""},"categories":[5],"tags":[],"class_list":{"0":"post-64288","1":"post","2":"type-post","3":"status-publish","4":"format-standard","5":"has-post-thumbnail","7":"category-lajme"},"_links":{"self":[{"href":"https:\/\/radiostargjilan.com\/web\/wp-json\/wp\/v2\/posts\/64288","targetHints":{"allow":["GET"]}}],"collection":[{"href":"https:\/\/radiostargjilan.com\/web\/wp-json\/wp\/v2\/posts"}],"about":[{"href":"https:\/\/radiostargjilan.com\/web\/wp-json\/wp\/v2\/types\/post"}],"author":[{"embeddable":true,"href":"https:\/\/radiostargjilan.com\/web\/wp-json\/wp\/v2\/users\/1"}],"replies":[{"embeddable":true,"href":"https:\/\/radiostargjilan.com\/web\/wp-json\/wp\/v2\/comments?post=64288"}],"version-history":[{"count":0,"href":"https:\/\/radiostargjilan.com\/web\/wp-json\/wp\/v2\/posts\/64288\/revisions"}],"wp:featuredmedia":[{"embeddable":true,"href":"https:\/\/radiostargjilan.com\/web\/wp-json\/wp\/v2\/media\/64289"}],"wp:attachment":[{"href":"https:\/\/radiostargjilan.com\/web\/wp-json\/wp\/v2\/media?parent=64288"}],"wp:term":[{"taxonomy":"category","embeddable":true,"href":"https:\/\/radiostargjilan.com\/web\/wp-json\/wp\/v2\/categories?post=64288"},{"taxonomy":"post_tag","embeddable":true,"href":"https:\/\/radiostargjilan.com\/web\/wp-json\/wp\/v2\/tags?post=64288"}],"curies":[{"name":"wp","href":"https:\/\/api.w.org\/{rel}","templated":true}]}}