{"id":65473,"date":"2020-09-15T05:21:44","date_gmt":"2020-09-15T05:21:44","guid":{"rendered":"https:\/\/radiostargjilan.com\/web\/?p=65473"},"modified":"2020-09-15T05:21:44","modified_gmt":"2020-09-15T05:21:44","slug":"nderron-jete-aktori-dhe-politikani-adem-mikullovci","status":"publish","type":"post","link":"https:\/\/radiostargjilan.com\/web\/nderron-jete-aktori-dhe-politikani-adem-mikullovci\/","title":{"rendered":"Nd\u00ebrron jet\u00eb aktori dhe politikani, Adem Mikullovci"},"content":{"rendered":"<p>Sot (e mart\u00eb) ka nd\u00ebrruar jet\u00eb n\u00eb mosh\u00ebn 83-vje\u00e7are aktori dhe politikani, Adem Mikullovci.<\/p>\n<p>Lajmin e ka b\u00ebr\u00eb t\u00eb ditur bashk\u00ebshortja e aktorit, Lumnije Mikullovci p\u00ebrmes nj\u00eb sh\u00ebnimi t\u00eb shkurt\u00ebr n\u00eb Facebook.<\/p>\n<p>\u201cSonte pas mesnat\u00ebs n\u00eb ora 00:20 nd\u00ebrroi jet\u00eb m\u00eb i dashuri jon\u00eb Adem Mikullovci!<br \/>\nP\u00ebr informata tjera dhe ceremonin\u00eb e varrimit ju lajm\u00ebrojm\u00eb\u201d, ka shkruar Lumnija n\u00eb Facebook.<\/p>\n<p>Adem Mikullovci ka lindur n\u00eb vitin 1939 n\u00eb Vushtrri, kurse p\u00ebrgjat\u00eb jet\u00ebs s\u00eb tij ka luajtur n\u00eb shum\u00eb projekte filmike, teat\u00ebr, komedi dhe shum\u00eb performanca t\u00eb tjera artistike.<\/p>\n<p>Mikullovci gjithashtu ka qen\u00eb delegat i Kuvendit i cili shpalli deklarat\u00ebn Kushtetuese dhe t\u00eb Pavar\u00ebsis\u00eb nga viti 1990-1992; si dhe u zgjodh deputet i Kuvendit t\u00eb Kosov\u00ebs n\u00eb legjislatur\u00ebn e kaluar.<img loading=\"lazy\" loading=\"lazy\" decoding=\"async\" src=\"https:\/\/radiostargjilan.com\/web\/wp-content\/uploads\/2020\/09\/B6167E8F-1810-4631-B338-3EDD3BAF7A05.jpeg\" alt=\"\" width=\"765\" height=\"1010\" class=\"aligncenter size-full wp-image-65474\" srcset=\"https:\/\/radiostargjilan.com\/web\/wp-content\/uploads\/2020\/09\/B6167E8F-1810-4631-B338-3EDD3BAF7A05.jpeg 765w, https:\/\/radiostargjilan.com\/web\/wp-content\/uploads\/2020\/09\/B6167E8F-1810-4631-B338-3EDD3BAF7A05-227x300.jpeg 227w, https:\/\/radiostargjilan.com\/web\/wp-content\/uploads\/2020\/09\/B6167E8F-1810-4631-B338-3EDD3BAF7A05-600x792.jpeg 600w\" sizes=\"auto, (max-width: 765px) 100vw, 765px\" \/><\/p>\n","protected":false},"excerpt":{"rendered":"<p>Sot (e mart\u00eb) ka nd\u00ebrruar jet\u00eb n\u00eb mosh\u00ebn 83-vje\u00e7are aktori dhe politikani, Adem Mikullovci. Lajmin e ka b\u00ebr\u00eb t\u00eb ditur bashk\u00ebshortja e aktorit, Lumnije Mikullovci p\u00ebrmes nj\u00eb sh\u00ebnimi t\u00eb shkurt\u00ebr n\u00eb Facebook. \u201cSonte pas mesnat\u00ebs n\u00eb ora 00:20 nd\u00ebrroi jet\u00eb m\u00eb i dashuri jon\u00eb Adem Mikullovci! P\u00ebr informata tjera dhe ceremonin\u00eb e varrimit ju lajm\u00ebrojm\u00eb\u201d, [&hellip;]<\/p>\n","protected":false},"author":1,"featured_media":65475,"comment_status":"closed","ping_status":"closed","sticky":false,"template":"","format":"standard","meta":{"footnotes":""},"categories":[5],"tags":[],"class_list":{"0":"post-65473","1":"post","2":"type-post","3":"status-publish","4":"format-standard","5":"has-post-thumbnail","7":"category-lajme"},"_links":{"self":[{"href":"https:\/\/radiostargjilan.com\/web\/wp-json\/wp\/v2\/posts\/65473","targetHints":{"allow":["GET"]}}],"collection":[{"href":"https:\/\/radiostargjilan.com\/web\/wp-json\/wp\/v2\/posts"}],"about":[{"href":"https:\/\/radiostargjilan.com\/web\/wp-json\/wp\/v2\/types\/post"}],"author":[{"embeddable":true,"href":"https:\/\/radiostargjilan.com\/web\/wp-json\/wp\/v2\/users\/1"}],"replies":[{"embeddable":true,"href":"https:\/\/radiostargjilan.com\/web\/wp-json\/wp\/v2\/comments?post=65473"}],"version-history":[{"count":0,"href":"https:\/\/radiostargjilan.com\/web\/wp-json\/wp\/v2\/posts\/65473\/revisions"}],"wp:featuredmedia":[{"embeddable":true,"href":"https:\/\/radiostargjilan.com\/web\/wp-json\/wp\/v2\/media\/65475"}],"wp:attachment":[{"href":"https:\/\/radiostargjilan.com\/web\/wp-json\/wp\/v2\/media?parent=65473"}],"wp:term":[{"taxonomy":"category","embeddable":true,"href":"https:\/\/radiostargjilan.com\/web\/wp-json\/wp\/v2\/categories?post=65473"},{"taxonomy":"post_tag","embeddable":true,"href":"https:\/\/radiostargjilan.com\/web\/wp-json\/wp\/v2\/tags?post=65473"}],"curies":[{"name":"wp","href":"https:\/\/api.w.org\/{rel}","templated":true}]}}