{"id":65756,"date":"2020-09-18T13:01:30","date_gmt":"2020-09-18T13:01:30","guid":{"rendered":"https:\/\/radiostargjilan.com\/web\/?p=65756"},"modified":"2020-09-18T13:01:30","modified_gmt":"2020-09-18T13:01:30","slug":"aak-ja-insiston-qe-haradinaj-te-jete-president-i-kosoves-permend-dy-opsione-ne-rast-se-deshton-zgjedhja-e-tij","status":"publish","type":"post","link":"https:\/\/radiostargjilan.com\/web\/aak-ja-insiston-qe-haradinaj-te-jete-president-i-kosoves-permend-dy-opsione-ne-rast-se-deshton-zgjedhja-e-tij\/","title":{"rendered":"AAK-ja insiston q\u00eb Haradinaj t\u00eb jet\u00eb president i Kosov\u00ebs, p\u00ebrmend dy opsione n\u00eb rast se d\u00ebshton zgjedhja e tij"},"content":{"rendered":"<p>Aleanca p\u00ebr Ardhm\u00ebrin\u00eb e Kosov\u00ebs vazhdon t\u00eb insistoj\u00eb se kreu i k\u00ebsaj partie, Ramush Haradinaj, duhet t\u00eb jet\u00eb president i ardhsh\u00ebm i vendit. AAK-ja vler\u00ebson se Haradinaj \u00ebsht\u00eb person unifikues, ashtu si\u00e7 e k\u00ebrkon mandati i presidentit.<\/p>\n<p>Kan\u00eb mbetur edhe pak muaj kur presidentit aktual, Hashim Tha\u00e7i, i skadon mandati kushtetues si president i vendit, por n\u00eb publik kan\u00eb filluar kalkulimet politike se kush mund t\u00eb z\u00ebvend\u00ebsoj\u00eb at\u00eb.<\/p>\n<p>Pak muaj m\u00eb par\u00eb n\u00eb koalicionin LVV e LDK me kryeminist\u00ebr Albin Kurti, posti i presidentit gati sa ishte b\u00ebr\u00eb moll\u00eb sherri p\u00ebr mosarritjen e koalicionit se kujt do t\u00eb duhej t\u2019i takonte ky post i r\u00ebnd\u00ebsish\u00ebm n\u00eb Kosov\u00eb.<\/p>\n<p>Por, sot kemi nj\u00eb koalicion tjet\u00ebr nd\u00ebrmjet LDK-s\u00eb, AAK-s\u00eb, NISMA Socialdemokrate dhe komuniteteve n\u00eb Kosov\u00eb dhe tashm\u00eb edhe n\u00eb k\u00ebt\u00eb koalicion ka filluar \u201clufta\u201d se kush duhet ta ket\u00eb postin e presidentit n\u00eb t\u00eb ardhmen.<\/p>\n<p>AAK-ja q\u00eb \u00ebsht\u00eb partneri i dyt\u00eb i koalicionit beson q\u00eb propozimi i tyre do t\u00eb mb\u00ebshtetet edhe nga partit\u00eb tjera q\u00eb nuk jan\u00eb n\u00eb koalicion qeveris\u00ebs, teksa paralajm\u00ebron se vendi duhet t\u00eb jet\u00eb i gatsh\u00ebm p\u00ebr zgjedhje t\u00eb reja n\u00eb rast se d\u00ebshton zgjedhja e presidentit.<\/p>\n<p>N\u00ebnkryetarja e Aleanc\u00ebs p\u00ebr Ardhm\u00ebrin\u00eb e Kosov\u00ebs, Time Kadriaj, n\u00eb nj\u00eb deklarat\u00eb t\u00eb dh\u00ebn\u00eb p\u00ebr Telegrafin ka th\u00ebn\u00eb se p\u00ebr zgjedhjen e Haradinajt n\u00eb pozit\u00ebn e presidentit duhet nj\u00eb marr\u00ebveshje m\u00eb e madhe sesa e koalicionit aktual.<\/p>\n<p>\u201cNe e kemi propozuar kryetarin Ramush Haradinaj p\u00ebr president, pasi q\u00eb \u00ebsht\u00eb person unifikues dhe ka bashk\u00ebpunim gati me t\u00eb gjitha partit\u00eb politike, ashtu si\u00e7 e k\u00ebrkon mandati i presidentit. Mir\u00ebpo, si\u00e7 e dini p\u00ebr t\u2019u zgjedhur president duhet nj\u00eb marr\u00ebveshje m\u00eb e madhe sesa koalicioni aktual, besoj q\u00eb k\u00ebto tema n\u00eb dit\u00ebt n\u00eb vazhdim do t\u00eb diskutohen m\u00eb shum\u00eb\u201d, deklaroi ajo.<\/p>\n<p>Kadriaj p\u00ebrmendi edhe dy opsione n\u00eb rast s\u00eb d\u00ebshton zgjedhja e Haradinajt p\u00ebr president.<\/p>\n<p>\u201cN\u00ebse nuk pajtohen partit\u00eb politike p\u00ebr Haradinajn president at\u00ebher\u00eb jan\u00eb dy opsione: duhet nj\u00eb president konsensual ose vendi duhet t\u00eb shkoj\u00eb n\u00eb zgjedhje sepse n\u00ebse d\u00ebshton zgjedhje e presidentit at\u00ebher\u00eb me Kushtetut\u00eb vendi shkon n\u00eb zgjedhje. Ne nuk kemi th\u00ebn\u00eb q\u00eb do t\u00eb prishet koalicioni, ne kemi dh\u00ebn\u00eb nj\u00eb propozim dhe kemi menduar q\u00eb \u00ebsht\u00eb propozimi m\u00eb i duhur q\u00eb Haradinaj t\u00eb jet\u00eb president n\u00eb k\u00ebt\u00eb situat\u00eb q\u00eb gjendet vendi\u201d, pohoi ajo.<\/p>\n<p>M\u00eb tej, n\u00ebnkryetarja e AAK-s\u00eb tha se beson q\u00eb propozimi i tyre t\u00eb marr\u00eb p\u00ebrkrahje edhe t\u00eb partive tjera.<\/p>\n<p>\u201cUn\u00eb besoj q\u00eb do ta kemi p\u00ebrkrahjen edhe t\u00eb partive tjera jo vet\u00ebm t\u00eb koalicionit. K\u00ebto mbesin t\u00eb diskutohen n\u00eb dit\u00ebt n\u00eb vazhdim sepse presidenti ka nj\u00eb mandat, dhe shpresojm\u00eb q\u00eb Gjykata nuk do t\u00eb jap nj\u00eb verdikt ku do t\u00eb detyrohet t\u00eb jap\u00eb dor\u00ebheqje dhe t\u00eb paraqitet n\u00eb Hag\u00eb, por t\u00eb vazhdoj\u00eb mandatin deri n\u00eb dat\u00ebn t\u00eb cil\u00ebn e ka. P\u00ebrndryshe, vendi duhet me qen\u00eb i p\u00ebrgatitur p\u00ebr zgjedhje dhe t\u00eb shohim dit\u00ebt n\u00eb vijim, ku lider\u00ebt politik\u00eb do t\u00eb diskutojn\u00eb p\u00ebr k\u00ebt\u00eb \u00e7\u00ebshtje\u201d, tha nd\u00ebr tjera Kadrijaj.<\/p>\n<p>Ndryshe, presidentit Hashim Tha\u00e7i do t\u2019i p\u00ebrfundoj\u00eb mandati n\u00eb prill t\u00eb vitit 2021. Tha\u00e7i ka paralajm\u00ebruar se pas p\u00ebrfundimit t\u00eb mandatit, ai do t\u00eb largohet na politika.<\/p>\n<p>Kujtojm\u00eb se Presidenti i Republik\u00ebs s\u00eb Kosov\u00ebs zgjidhet nga Kuvendi, me votim t\u00eb fsheht\u00eb. Zgjedhja e presidentit t\u00eb Republik\u00ebs s\u00eb Kosov\u00ebs duhet t\u00eb b\u00ebhet jo m\u00eb von\u00eb se tridhjet\u00eb dit\u00eb para p\u00ebrfundimit t\u00eb mandatit t\u00eb Presidentit aktual.<\/p>\n<p>\u201cSecili shtetas i Republik\u00ebs s\u00eb Kosov\u00ebs mund t\u00eb nominohet si kandidat p\u00ebr President t\u00eb Republik\u00ebs s\u00eb Kosov\u00ebs, n\u00ebse ajo\/ai siguron n\u00ebnshkrimet e t\u00eb pakt\u00ebn tridhjet\u00eb (30) deputet\u00ebve t\u00eb Kuvendit t\u00eb Kosov\u00ebs. Deputet\u00ebt e Kuvendit mund t\u00eb n\u00ebnshkruajn\u00eb vet\u00ebm p\u00ebr nj\u00eb kandidat\u00eb p\u00ebr President t\u00eb Republik\u00ebs s\u00eb Kosov\u00ebs. Zgjedhja e Presidentit b\u00ebhet me dy t\u00eb tretat (2\/3) e votave t\u00eb t\u00eb gjith\u00eb deputet\u00ebve t\u00eb Kuvendit\u201d, thuhet n\u00eb Kushtetut\u00ebn e Kosov\u00ebs.<\/p>\n<p>M\u00eb tej n\u00eb Kushtetut\u00eb thuhet se \u201cN\u00ebse asnj\u00ebri kandidat nuk merr shumic\u00ebn prej dy t\u00eb tretave (2\/3) n\u00eb dy votimet e para, organizohet votimi i tret\u00eb n\u00eb mes t\u00eb dy kandidat\u00ebve t\u00eb cil\u00ebt kan\u00eb marr\u00eb numrin m\u00eb t\u00eb lart\u00eb t\u00eb votave n\u00eb votimin e dyt\u00eb dhe kandidati q\u00eb merr shumic\u00ebn e votave t\u00eb t\u00eb gjith\u00eb deputet\u00ebve, zgjidhet President i Republik\u00ebs s\u00eb Kosov\u00ebs\u201d.<\/p>\n<p>N\u00ebse n\u00eb votimin e tret\u00eb, asnj\u00ebri kandidat nuk zgjidhet president i Republik\u00ebs s\u00eb Kosov\u00ebs, shp\u00ebrndahet Kuvendi dhe shpallen zgjedhjet e reja, t\u00eb cilat duhet t\u00eb mbahen brenda dyzet e pes\u00eb dit\u00ebsh.<\/p>\n","protected":false},"excerpt":{"rendered":"<p>Aleanca p\u00ebr Ardhm\u00ebrin\u00eb e Kosov\u00ebs vazhdon t\u00eb insistoj\u00eb se kreu i k\u00ebsaj partie, Ramush Haradinaj, duhet t\u00eb jet\u00eb president i ardhsh\u00ebm i vendit. AAK-ja vler\u00ebson se Haradinaj \u00ebsht\u00eb person unifikues, ashtu si\u00e7 e k\u00ebrkon mandati i presidentit. Kan\u00eb mbetur edhe pak muaj kur presidentit aktual, Hashim Tha\u00e7i, i skadon mandati kushtetues si president i vendit, [&hellip;]<\/p>\n","protected":false},"author":1,"featured_media":64920,"comment_status":"closed","ping_status":"closed","sticky":false,"template":"","format":"standard","meta":{"footnotes":""},"categories":[5],"tags":[],"class_list":{"0":"post-65756","1":"post","2":"type-post","3":"status-publish","4":"format-standard","5":"has-post-thumbnail","7":"category-lajme"},"_links":{"self":[{"href":"https:\/\/radiostargjilan.com\/web\/wp-json\/wp\/v2\/posts\/65756","targetHints":{"allow":["GET"]}}],"collection":[{"href":"https:\/\/radiostargjilan.com\/web\/wp-json\/wp\/v2\/posts"}],"about":[{"href":"https:\/\/radiostargjilan.com\/web\/wp-json\/wp\/v2\/types\/post"}],"author":[{"embeddable":true,"href":"https:\/\/radiostargjilan.com\/web\/wp-json\/wp\/v2\/users\/1"}],"replies":[{"embeddable":true,"href":"https:\/\/radiostargjilan.com\/web\/wp-json\/wp\/v2\/comments?post=65756"}],"version-history":[{"count":0,"href":"https:\/\/radiostargjilan.com\/web\/wp-json\/wp\/v2\/posts\/65756\/revisions"}],"wp:featuredmedia":[{"embeddable":true,"href":"https:\/\/radiostargjilan.com\/web\/wp-json\/wp\/v2\/media\/64920"}],"wp:attachment":[{"href":"https:\/\/radiostargjilan.com\/web\/wp-json\/wp\/v2\/media?parent=65756"}],"wp:term":[{"taxonomy":"category","embeddable":true,"href":"https:\/\/radiostargjilan.com\/web\/wp-json\/wp\/v2\/categories?post=65756"},{"taxonomy":"post_tag","embeddable":true,"href":"https:\/\/radiostargjilan.com\/web\/wp-json\/wp\/v2\/tags?post=65756"}],"curies":[{"name":"wp","href":"https:\/\/api.w.org\/{rel}","templated":true}]}}