{"id":66356,"date":"2020-09-27T14:11:34","date_gmt":"2020-09-27T14:11:34","guid":{"rendered":"https:\/\/radiostargjilan.com\/web\/?p=66356"},"modified":"2020-09-27T14:11:34","modified_gmt":"2020-09-27T14:11:34","slug":"mungesa-e-kuorumit-ne-kuvend-shenje-e-afrimit-te-zgjedhjeve-te-reja","status":"publish","type":"post","link":"https:\/\/radiostargjilan.com\/web\/mungesa-e-kuorumit-ne-kuvend-shenje-e-afrimit-te-zgjedhjeve-te-reja\/","title":{"rendered":"Mungesa e kuorumit n\u00eb Kuvend, shenj\u00eb e afrimit t\u00eb zgjedhjeve t\u00eb reja"},"content":{"rendered":"<p>N\u00eb munges\u00eb t\u00eb kourumit kjo pik\u00eb do t\u00eb p\u00ebrs\u00ebritet seanc\u00ebn e radh\u00ebs\u201d. Kjo \u00ebsht\u00eb fjalia m\u00eb e shpesht\u00eb q\u00eb po i bie t\u00eb p\u00ebrdor\u00eb kryeparlamentarja, Vjosa Osmani. Kjo pasi mungesa e kuorumit n\u00eb procesin e votimit \u00ebsht\u00eb duke e p\u00ebrcjell edhe legjislatur\u00ebn e shtat\u00eb t\u00eb Kuvendit t\u00eb Kosov\u00ebs.<\/p>\n<p>Brisht\u00ebsia e koalicionit qeveris\u00ebs, sa nuk po mundet t\u00eb siguroj\u00eb as votat minimale t\u00eb shumic\u00ebs s\u00eb thjesht\u00eb p\u00ebr t\u00eb kaluar projektligje po konsiderohet si arsyeja kryesore pse po vonohet \u201crim\u00ebk\u00ebmbja ekonomike\u201d, nismat e tjera ligjore dhe rezolutat.<\/p>\n<p>Por, k\u00ebt\u00eb e mohojn\u00eb n\u00eb partin\u00eb n\u00eb pushtet LDK. Kjo e fundit i k\u00ebrkon opozit\u00ebs t\u00eb mos p\u00ebrmbahen nga votimi, e p\u00ebr \u00e7\u00ebshtje t\u00eb interesit nacional t\u00eb tejkalojn\u00eb interesat partiake.<\/p>\n<p>Nd\u00ebrkaq, t\u00eb kund\u00ebrt\u00ebn e thon\u00eb nga opozita. L\u00ebvizja Vet\u00ebvendosje munges\u00ebn e numrave t\u00eb LDK-s\u00eb me partner\u00eb k\u00ebrkon t\u00eb shfryt\u00ebzoj\u00eb p\u00ebr zgjedhje t\u00eb reja, pasi thot\u00eb se n\u00eb k\u00ebt\u00eb form\u00eb asnj\u00eb dobi nuk do t\u00eb jet\u00eb p\u00ebr qytetar\u00ebt.<\/p>\n<p>Se opozita nuk e ka detyrim t\u2019i siguroj\u00eb votat pozit\u00ebs e ka th\u00ebn\u00eb kryetarja e Kuvendit, Vjosa Osmani.<\/p>\n<p>Ajo \u00ebsht\u00eb shprehur se obligim i partive n\u00eb pushtet \u00ebsht\u00eb t\u00eb sigurojn\u00eb 61 deputet\u00ebt e saj.<\/p>\n<p>\u201c\u00cbsht\u00eb obligim i shumic\u00ebs parlamentare, si\u00e7 ka qen\u00eb n\u00eb \u00e7do legjislatur\u00eb para k\u00ebsaj q\u00eb t\u00eb ket\u00eb vota t\u00eb mjaftueshme p\u00ebr t\u00eb kaluar ligjet. K\u00ebrkohet shumic\u00eb e thjesht\u00eb\u2026 Obligim par\u00ebsor \u00ebsht\u00eb p\u00ebr shumic\u00ebn parlamentare t\u00eb siguroj\u00eb 61 deputet\u00ebt e vet t\u00eb jen\u00eb n\u00eb seanc\u00eb dhe t\u00eb marrin pjes\u00eb n\u00eb votim\u2026 Nuk mund t\u00eb k\u00ebrkosh p\u00ebrkrahjen e opozit\u00ebs n\u00ebqoft\u00ebse deri tek momenti i votimit ke b\u00ebr\u00eb gjith\u00e7ka vet, pa e konsultuar opozit\u00ebn paraprakisht. Procesi i konsultimit dhe unifikimit t\u00eb nj\u00eb q\u00ebndrimi duhet t\u00eb filloj\u00eb q\u00eb nga hapi i par\u00eb kur fillojn\u00eb n\u00eb hartohen k\u00ebto ligje, nisma apo q\u00ebndrime politike. E pastaj t\u00eb jet\u00eb hapi i fundit kur n\u00eb Kuvend t\u00eb gjith\u00eb bashk\u00ebrish t\u00eb vijn\u00eb me q\u00ebndrim t\u00eb unifikuar dhe t\u00eb kalojn\u00eb at\u00eb\u201d, tha ai.<\/p>\n<p>Nd\u00ebrsa, deputeti i LVV-s\u00eb, Artan Abrashi thot\u00eb p\u00ebr KosovaPress se nismat e qeveris\u00eb jan\u00eb barr\u00eb e tyre.<\/p>\n<p>Nj\u00eb qeveri jo stabile vet\u00ebm d\u00ebme mund t\u2019i sjell vendit. Ka shum\u00eb procese q\u00eb duhet t\u00eb fillojn\u00eb t\u00eb vazhdojn\u00eb dhe p\u00ebrfundojn\u00eb nga nj\u00eb qeveri legjitime dhe nuk ka problem t\u00eb kuorumit, apo vot\u00ebs. Prandaj p\u00ebr fat t\u00eb keq kemi nj\u00eb situat\u00eb \u00e7far\u00eb e kemi, dalja nga kjo situat\u00eb jan\u00eb vet\u00ebm zgjedhjeve\u2026 Si opozit\u00eb ne nuk e kemi p\u00ebr obligim me mb\u00ebshtet nj\u00eb qeveri, t\u00eb cil\u00ebn ne e konsiderojm\u00eb si jo legjitime. T\u00eb gjitha nismat e saj, q\u00eb i bie n\u00eb Kuvend duhet t\u00eb jen\u00eb barr\u00eb e nj\u00eb koalicioni qeveris\u00ebs. E dim\u00eb q\u00eb vazhdimisht jan\u00eb krekosur me at\u00eb se e kan\u00eb shumic\u00ebn n\u00eb parlamentare n\u00eb Kuvend, por kjo gj\u00eb nuk po shihet\u201d, tha ai.<\/p>\n<p>E deputeti i partis\u00eb n\u00eb pushtet, Shk\u00ebmb Manaj thot\u00eb se bojkotimi i opozit\u00ebs n\u00eb procesin e votimit nuk \u00ebsht\u00eb form\u00eb e mir\u00eb pasi bllokon pun\u00ebn e Kuvendit.<\/p>\n<p>\u201cNuk \u00ebsht\u00eb mir\u00eb q\u00eb t\u00eb bojkotohen votimet edhe nga partit\u00eb e opozit\u00ebs sepse edhe pozita e opozita jemi n\u00eb Kuvendin e Kosov\u00ebs. P\u00ebr t\u00eb gjitha iniciativat ligjore qofshin projektligje, rezoluta dhe t\u00eb tjera secili grup parlamentar duhet t\u00eb t\u00eb ket\u00eb q\u00ebndrimin e vet dhet\u00eb votoj\u00eb n\u00eb m\u00ebnyr\u00ebn si e vler\u00ebson. P\u00ebr, kund\u00ebr apo abstenim. P\u00ebrmbajtja nga votimet n\u00eb kuvend nuk \u00ebsht\u00eb form\u00eb e mir\u00eb, por mendoj q\u00eb e bllokon pun\u00ebn e kuvendit pa ndonj\u00eb arsye t\u00eb nevojshme\u2026 uUn\u00eb mendoj q\u00eb n\u00eb pikat kur \u00ebsht\u00eb interesi nacional dhe qytetare drejtp\u00ebrdrejt n\u00eb k\u00ebt\u00eb rast, p\u00ebr shkak t\u00eb emergjenc\u00ebs q\u00eb kemi \u00ebsht\u00eb interes i Kuvendit t\u00eb Kosov\u00ebs t\u00eb luaj rolin e vet, pavar\u00ebsisht pozit\u00ebs apo opozit\u00ebs\u201d, thot\u00eb ai.<\/p>\n<p>T\u00eb nj\u00ebjtin problem sikurse qeveria Hoti e ka pasur ish-kryeministri Haradinaj i cili n\u00eb legjislatur\u00ebn paraprake kishte shumic\u00ebn e thjesht\u00eb parlamentare. Shpeshher\u00eb nuk arrinte t\u00eb kalonte nisma ligjore.\/kp\/<\/p>\n","protected":false},"excerpt":{"rendered":"<p>N\u00eb munges\u00eb t\u00eb kourumit kjo pik\u00eb do t\u00eb p\u00ebrs\u00ebritet seanc\u00ebn e radh\u00ebs\u201d. Kjo \u00ebsht\u00eb fjalia m\u00eb e shpesht\u00eb q\u00eb po i bie t\u00eb p\u00ebrdor\u00eb kryeparlamentarja, Vjosa Osmani. Kjo pasi mungesa e kuorumit n\u00eb procesin e votimit \u00ebsht\u00eb duke e p\u00ebrcjell edhe legjislatur\u00ebn e shtat\u00eb t\u00eb Kuvendit t\u00eb Kosov\u00ebs. Brisht\u00ebsia e koalicionit qeveris\u00ebs, sa nuk po [&hellip;]<\/p>\n","protected":false},"author":1,"featured_media":66218,"comment_status":"closed","ping_status":"closed","sticky":false,"template":"","format":"standard","meta":{"footnotes":""},"categories":[5],"tags":[],"class_list":{"0":"post-66356","1":"post","2":"type-post","3":"status-publish","4":"format-standard","5":"has-post-thumbnail","7":"category-lajme"},"_links":{"self":[{"href":"https:\/\/radiostargjilan.com\/web\/wp-json\/wp\/v2\/posts\/66356","targetHints":{"allow":["GET"]}}],"collection":[{"href":"https:\/\/radiostargjilan.com\/web\/wp-json\/wp\/v2\/posts"}],"about":[{"href":"https:\/\/radiostargjilan.com\/web\/wp-json\/wp\/v2\/types\/post"}],"author":[{"embeddable":true,"href":"https:\/\/radiostargjilan.com\/web\/wp-json\/wp\/v2\/users\/1"}],"replies":[{"embeddable":true,"href":"https:\/\/radiostargjilan.com\/web\/wp-json\/wp\/v2\/comments?post=66356"}],"version-history":[{"count":0,"href":"https:\/\/radiostargjilan.com\/web\/wp-json\/wp\/v2\/posts\/66356\/revisions"}],"wp:featuredmedia":[{"embeddable":true,"href":"https:\/\/radiostargjilan.com\/web\/wp-json\/wp\/v2\/media\/66218"}],"wp:attachment":[{"href":"https:\/\/radiostargjilan.com\/web\/wp-json\/wp\/v2\/media?parent=66356"}],"wp:term":[{"taxonomy":"category","embeddable":true,"href":"https:\/\/radiostargjilan.com\/web\/wp-json\/wp\/v2\/categories?post=66356"},{"taxonomy":"post_tag","embeddable":true,"href":"https:\/\/radiostargjilan.com\/web\/wp-json\/wp\/v2\/tags?post=66356"}],"curies":[{"name":"wp","href":"https:\/\/api.w.org\/{rel}","templated":true}]}}